{"id":31189,"date":"2019-06-27T10:45:10","date_gmt":"2019-06-27T10:45:10","guid":{"rendered":"https:\/\/www.tropicalcubanholiday.com\/camping-car-a-cuba\/"},"modified":"2020-10-11T11:18:30","modified_gmt":"2020-10-11T11:18:30","slug":"camping-car-a-cuba","status":"publish","type":"post","link":"https:\/\/www.tropicalcubanholiday.com\/fr\/camping-car-a-cuba\/","title":{"rendered":"Camping-car \u00e0 Cuba"},"content":{"rendered":"\t\t<div data-elementor-type=\"wp-post\" data-elementor-id=\"31189\" class=\"elementor elementor-31189 elementor-29458 elementor-bc-flex-widget\">\n\t\t\t\t\t\t<div class=\"elementor-inner\">\n\t\t\t\t<div class=\"elementor-section-wrap\">\n\t\t\t\t\t\t\t\t\t<section class=\"elementor-section elementor-top-section elementor-element elementor-element-37051f9a elementor-section-stretched elementor-section-boxed elementor-section-height-default elementor-section-height-default\" data-id=\"37051f9a\" data-element_type=\"section\" data-settings=\"{&quot;stretch_section&quot;:&quot;section-stretched&quot;}\">\n\t\t\t\t\t\t<div class=\"elementor-container elementor-column-gap-default\">\n\t\t\t\t\t\t\t<div class=\"elementor-row\">\n\t\t\t\t\t<div class=\"elementor-column elementor-col-66 elementor-top-column elementor-element elementor-element-66a7597a\" data-id=\"66a7597a\" data-element_type=\"column\">\n\t\t\t<div class=\"elementor-column-wrap elementor-element-populated\">\n\t\t\t\t\t\t\t<div class=\"elementor-widget-wrap\">\n\t\t\t\t\t\t<section class=\"elementor-section elementor-inner-section elementor-element elementor-element-65ce899c elementor-section-boxed elementor-section-height-default elementor-section-height-default\" data-id=\"65ce899c\" data-element_type=\"section\">\n\t\t\t\t\t\t<div class=\"elementor-container elementor-column-gap-default\">\n\t\t\t\t\t\t\t<div class=\"elementor-row\">\n\t\t\t\t\t<div class=\"elementor-column elementor-col-100 elementor-inner-column elementor-element elementor-element-614557a4\" data-id=\"614557a4\" data-element_type=\"column\">\n\t\t\t<div class=\"elementor-column-wrap elementor-element-populated\">\n\t\t\t\t\t\t\t<div class=\"elementor-widget-wrap\">\n\t\t\t\t\t\t<div class=\"elementor-element elementor-element-41f3ea1a elementor-widget elementor-widget-premium-addon-title\" data-id=\"41f3ea1a\" data-element_type=\"widget\" data-widget_type=\"premium-addon-title.default\">\n\t\t\t\t<div class=\"elementor-widget-container\">\n\t\t\t\r\n\t<div class=\"premium-title-container style4\">\r\n\t\t<h2 class=\"premium-title-header premium-title-style4\">\r\n\t\t\t\r\n\t\t\t\r\n\t\t\t\t\t\t\t\t\t<span class=\"premium-title-text\" >\r\n\t\t\t\tLocation de camping-car \u00e0 Cuba\t\t\t<\/span>\r\n\t\t\t\t\r\n\t\t\t\t\t\t\t\t<\/h2>\r\n\t<\/div>\r\n\r\n\t\t\t\t<\/div>\n\t\t\t\t<\/div>\n\t\t\t\t<div class=\"elementor-element elementor-element-751610e6 elementor-widget elementor-widget-text-editor\" data-id=\"751610e6\" data-element_type=\"widget\" data-widget_type=\"text-editor.default\">\n\t\t\t\t<div class=\"elementor-widget-container\">\n\t\t\t\t\t\t\t\t<div class=\"elementor-text-editor elementor-clearfix\">\n\t\t\t\t<h3>Il n&rsquo;y a rien de plus individuel et d\u00e9tendu pour d\u00e9couvrir Cuba qu&rsquo;avec un camping-car. Avec ces fourgonnettes, vous profiterez du confort du luxe moderne et de la libert\u00e9 des espaces ext\u00e9rieurs des Cara\u00efbes. Voyagez sur votre propre itin\u00e9raire et installez votre camp \u00e0 l&rsquo;endroit qui vous convient le mieux, c&rsquo;est l&rsquo;aventure la plus excitante que vous puissiez vivre. Les co\u00fbts suppl\u00e9mentaires sont faibles en raison de l&rsquo;auto-restauration, en particulier en dehors de la capitale, les prix sont plus bas.<\/h3>\t\t\t\t\t<\/div>\n\t\t\t\t\t\t<\/div>\n\t\t\t\t<\/div>\n\t\t\t\t<div class=\"elementor-element elementor-element-12bef4e elementor-widget elementor-widget-alert\" data-id=\"12bef4e\" data-element_type=\"widget\" data-widget_type=\"alert.default\">\n\t\t\t\t<div class=\"elementor-widget-container\">\n\t\t\t\t\t<div class=\"elementor-alert elementor-alert-info\" role=\"alert\">\n\t\t\t<span class=\"elementor-alert-title\">INFORMATIONS DE R\u00c9SERVATION  2021<\/span>\n\t\t\t\t\t\t\t<span class=\"elementor-alert-description\">Chers voyageurs en raison de la forte demande des camping-cars, nous vous conseillons de commencer votre demande deux mois \u00e0 l'avance afin de pouvoir garantir un v\u00e9hicule.<\/span>\n\t\t\t\t\t\t\t\t\t\t<button type=\"button\" class=\"elementor-alert-dismiss\">\n\t\t\t\t\t\t\t\t\t\t\t<span aria-hidden=\"true\">&times;<\/span>\n\t\t\t\t\t\t\t\t\t\t<span class=\"elementor-screen-only\">Rejeter l\u2019alerte<\/span>\n\t\t\t\t<\/button>\n\t\t\t\t\t<\/div>\n\t\t\t\t<\/div>\n\t\t\t\t<\/div>\n\t\t\t\t\t\t<\/div>\n\t\t\t\t\t<\/div>\n\t\t<\/div>\n\t\t\t\t\t\t\t\t<\/div>\n\t\t\t\t\t<\/div>\n\t\t<\/section>\n\t\t\t\t<section class=\"elementor-section elementor-inner-section elementor-element elementor-element-169c90bc elementor-section-boxed elementor-section-height-default elementor-section-height-default\" data-id=\"169c90bc\" data-element_type=\"section\">\n\t\t\t\t\t\t<div class=\"elementor-container elementor-column-gap-default\">\n\t\t\t\t\t\t\t<div class=\"elementor-row\">\n\t\t\t\t\t<div class=\"elementor-column elementor-col-100 elementor-inner-column elementor-element elementor-element-2bcaad0\" data-id=\"2bcaad0\" data-element_type=\"column\">\n\t\t\t<div class=\"elementor-column-wrap elementor-element-populated\">\n\t\t\t\t\t\t\t<div class=\"elementor-widget-wrap\">\n\t\t\t\t\t\t<div class=\"elementor-element elementor-element-61a7b5be elementor-widget elementor-widget-premium-addon-title\" data-id=\"61a7b5be\" data-element_type=\"widget\" data-widget_type=\"premium-addon-title.default\">\n\t\t\t\t<div class=\"elementor-widget-container\">\n\t\t\t\r\n\t<div class=\"premium-title-container style7\">\r\n\t\t<h3 class=\"premium-title-header premium-title-style7\">\r\n\t\t\t\t\t\t\t\t\t\t\t\t<span class=\"premium-title-style7-stripe-wrap\">\r\n\t\t\t\t\t\t<span class=\"premium-title-style7-stripe\"><\/span>\r\n\t\t\t\t\t<\/span>\r\n\t\t\t\t\t\t\t\t<div class=\"premium-title-style7-inner\">\r\n\t\t\t\r\n\t\t\t\r\n\t\t\t\t\t\t\t\t\t\t\t\t\t\t\t\t<span class=\"premium-title-text\" >\r\n\t\t\t\tLe Camping-car\t\t\t<\/span>\r\n\t\t\t\t\r\n\t\t\t\t\t\t\t<\/div>\r\n\t\t\t\t\t\t\t\t<\/h3>\r\n\t<\/div>\r\n\r\n\t\t\t\t<\/div>\n\t\t\t\t<\/div>\n\t\t\t\t<div class=\"elementor-element elementor-element-43012822 elementor-widget elementor-widget-text-editor\" data-id=\"43012822\" data-element_type=\"widget\" data-widget_type=\"text-editor.default\">\n\t\t\t\t<div class=\"elementor-widget-container\">\n\t\t\t\t\t\t\t\t<div class=\"elementor-text-editor elementor-clearfix\">\n\t\t\t\t<figure id=\"attachment_30708\" aria-describedby=\"caption-attachment-30708\" style=\"width: 657px\" class=\"wp-caption alignnone\"><img data-attachment-id=\"30708\" data-permalink=\"https:\/\/www.tropicalcubanholiday.com\/fr\/camping-car-a-cuba\/fiat-ducato-rimor-seal-5-for-renting-cuba-2\/\" data-orig-file=\"https:\/\/i0.wp.com\/www.tropicalcubanholiday.com\/wp-content\/uploads\/2019\/05\/Fiat-Ducato-Rimor-Seal-5-for-Renting-Cuba.jpg?fit=657%2C472&amp;ssl=1\" data-orig-size=\"657,472\" data-comments-opened=\"0\" data-image-meta=\"{&quot;aperture&quot;:&quot;0&quot;,&quot;credit&quot;:&quot;&quot;,&quot;camera&quot;:&quot;&quot;,&quot;caption&quot;:&quot;&quot;,&quot;created_timestamp&quot;:&quot;0&quot;,&quot;copyright&quot;:&quot;&quot;,&quot;focal_length&quot;:&quot;0&quot;,&quot;iso&quot;:&quot;0&quot;,&quot;shutter_speed&quot;:&quot;0&quot;,&quot;title&quot;:&quot;&quot;,&quot;orientation&quot;:&quot;0&quot;}\" data-image-title=\"Fiat Ducato Rimor Seal 5 for Renting Cuba\" data-image-description=\"&lt;p&gt;Location de camping-car \u00e0 Cuba Fiat Ducato Rimor Seal 5 et Dynamic by tropicalcubanholiday.com&lt;\/p&gt;\n\" data-image-caption=\"&lt;p&gt;Location de camping-car \u00e0 Cuba Fiat Ducato Rimor Seal 5 et Dynamic by tropicalcubanholiday.com&lt;\/p&gt;\n\" data-medium-file=\"https:\/\/i0.wp.com\/www.tropicalcubanholiday.com\/wp-content\/uploads\/2019\/05\/Fiat-Ducato-Rimor-Seal-5-for-Renting-Cuba.jpg?fit=300%2C216&amp;ssl=1\" data-large-file=\"https:\/\/i0.wp.com\/www.tropicalcubanholiday.com\/wp-content\/uploads\/2019\/05\/Fiat-Ducato-Rimor-Seal-5-for-Renting-Cuba.jpg?fit=657%2C472&amp;ssl=1\" decoding=\"async\" loading=\"lazy\" class=\"wp-image-30708 size-full\" src=\"https:\/\/i0.wp.com\/www.tropicalcubanholiday.com\/wp-content\/uploads\/2019\/05\/Fiat-Ducato-Rimor-Seal-5-for-Renting-Cuba.jpg?resize=657%2C472&#038;ssl=1\" alt=\"Location de camping-car \u00e0 Cuba Fiat Ducato Rimor Seal 5 et Dynamic by tropicalcubanholiday.com\" width=\"657\" height=\"472\" data-recalc-dims=\"1\" srcset=\"https:\/\/i0.wp.com\/www.tropicalcubanholiday.com\/wp-content\/uploads\/2019\/05\/Fiat-Ducato-Rimor-Seal-5-for-Renting-Cuba.jpg?w=657&amp;ssl=1 657w, https:\/\/i0.wp.com\/www.tropicalcubanholiday.com\/wp-content\/uploads\/2019\/05\/Fiat-Ducato-Rimor-Seal-5-for-Renting-Cuba.jpg?resize=300%2C216&amp;ssl=1 300w, https:\/\/i0.wp.com\/www.tropicalcubanholiday.com\/wp-content\/uploads\/2019\/05\/Fiat-Ducato-Rimor-Seal-5-for-Renting-Cuba.jpg?resize=450%2C323&amp;ssl=1 450w\" sizes=\"(max-width: 657px) 100vw, 657px\" \/><figcaption id=\"caption-attachment-30708\" class=\"wp-caption-text\">Location de camping-car \u00e0 Cuba Fiat Ducato Rimor Seal 5 et Dynamic<\/figcaption><\/figure><p>Tous nos campeurs ont \u00e9t\u00e9 fabriqu\u00e9s par la soci\u00e9t\u00e9 italienne RIMOR, qui compte pr\u00e8s de 40 ans d&rsquo;exp\u00e9rience dans le d\u00e9veloppement de ceux-ci. Ils sont tous du m\u00eame mod\u00e8le, le Seal 5 de 2015, structur\u00e9s sur une transmission automatique Fiat Ducato Turbo diesel, offrant une grande autonomie, un confort et une s\u00e9curit\u00e9 sup\u00e9rieurs, ainsi que son petit fr\u00e8re, le mod\u00e8le Dynamic pouvant accueillir 2 personnes. Les deux camping-cars disposent d\u2019un vaste espace de rangement sous le lit superpos\u00e9 arri\u00e8re, capable de contenir une moto, des v\u00e9los, des planches de surf, un barbecue, etc. D&rsquo;autres caract\u00e9ristiques remarquables sont \u00e9galement disponibles: accoudoirs, r\u00e9gulateur de vitesse, double airbag, ABS, ASR, etc. fen\u00eatres \u00e9lectriques, syst\u00e8me de verrouillage \u00e9lectronique des portes, syst\u00e8me de verrouillage central, fen\u00eatres teint\u00e9es, voie prolong\u00e9e, vaisselle, toilettes, douche, serviettes et auvent r\u00e9tractable avec une table pliante et quatre chaises pour profiter du plein air pendant les haltes.<\/p><p>Voir quelques d\u00e9tails sur le Fiat Ducato Seal Rimor &amp; Dynamic:<\/p>\t\t\t\t\t<\/div>\n\t\t\t\t\t\t<\/div>\n\t\t\t\t<\/div>\n\t\t\t\t<div class=\"elementor-element elementor-element-2199fb0 elementor-widget elementor-widget-premium-addon-image-hotspots\" data-id=\"2199fb0\" data-element_type=\"widget\" data-widget_type=\"premium-addon-image-hotspots.default\">\n\t\t\t\t<div class=\"elementor-widget-container\">\n\t\t\t\n\t<div id=\"premium-image-hotspots-2199fb0\" class=\"premium-image-hotspots-container\" data-settings=\"{&quot;anim&quot;:&quot;grow&quot;,&quot;animDur&quot;:500,&quot;delay&quot;:200,&quot;arrow&quot;:false,&quot;distance&quot;:6,&quot;minWidth&quot;:0,&quot;maxWidth&quot;:&quot;null&quot;,&quot;side&quot;:[&quot;top&quot;,&quot;bottom&quot;],&quot;hideMobiles&quot;:false,&quot;active&quot;:true,&quot;trigger&quot;:&quot;hover&quot;,&quot;id&quot;:&quot;2199fb0&quot;,&quot;iconHover&quot;:&quot;grow&quot;}\">\n\t\t<div class=\"premium-image-hotspots-img-wrap\">\n\t\t\t<img decoding=\"async\" src=\"https:\/\/i0.wp.com\/www.tropicalcubanholiday.com\/wp-content\/uploads\/2019\/05\/Fiat-Ducato-Rimor-Seal-5-for-renting-by-tropicalcubanholiday.com_.png?w=1050&#038;ssl=1\" title=\"Fiat Ducato Rimor Seal 5 for renting by tropicalcubanholiday.com\" alt=\"Location Campering-car Fiat Ducato Cuba tropicalcubanholiday.com\" data-recalc-dims=\"1\" \/>\t\t\t\t\t\t\t<div class=\"premium-image-hotspots-main-icons tooltip-wrapper premium-image-hotspots-anim  elementor-repeater-item-0a11dd4 premium-image-hotspots-main-icons-0a11dd4\" data-tooltip-content=\"#tooltip_content\">\n\t\t\t\t\t\n\t\t\t\t\t\t\t\t\t\t\t\t<i class=\"elementor-animation-grow premium-svg-nodraw\"><\/i>\n\t\t\t\t\t\t\t\t\t\t\t\n\t\t\t\t\t\n\t\t\t\t\t<div class=\"premium-image-hotspots-tooltips-wrapper\">\n\t\t\t\t\t\t<div id=\"tooltip_content\" class=\"premium-image-hotspots-tooltips-text\">\n\t\t\t\t\t\t\t<figure id=\"attachment_30637\" aria-describedby=\"caption-attachment-30637\" style=\"width: 150px\" class=\"wp-caption alignnone\"><img data-attachment-id=\"30637\" data-permalink=\"https:\/\/www.tropicalcubanholiday.com\/fr\/camping-car-a-cuba\/fiat-rimor-seal-5-2\/\" data-orig-file=\"https:\/\/i0.wp.com\/www.tropicalcubanholiday.com\/wp-content\/uploads\/2019\/05\/Fiat-Rimor-Seal-5.jpg?fit=800%2C558&amp;ssl=1\" data-orig-size=\"800,558\" data-comments-opened=\"0\" data-image-meta=\"{&quot;aperture&quot;:&quot;0&quot;,&quot;credit&quot;:&quot;&quot;,&quot;camera&quot;:&quot;&quot;,&quot;caption&quot;:&quot;&quot;,&quot;created_timestamp&quot;:&quot;0&quot;,&quot;copyright&quot;:&quot;&quot;,&quot;focal_length&quot;:&quot;0&quot;,&quot;iso&quot;:&quot;0&quot;,&quot;shutter_speed&quot;:&quot;0&quot;,&quot;title&quot;:&quot;&quot;,&quot;orientation&quot;:&quot;0&quot;}\" data-image-title=\"Fiat Rimor-Seal-5\" data-image-description=\"&lt;p&gt;L&amp;rsquo;entr\u00e9e de la Fiat Ducato Campering-car Cuba tropicalcubanholiday.com&lt;\/p&gt;\n\" data-image-caption=\"&lt;p&gt;L&amp;rsquo;entr\u00e9e de la Fiat Ducato Campering-car Cuba tropicalcubanholiday.com&lt;\/p&gt;\n\" data-medium-file=\"https:\/\/i0.wp.com\/www.tropicalcubanholiday.com\/wp-content\/uploads\/2019\/05\/Fiat-Rimor-Seal-5.jpg?fit=300%2C209&amp;ssl=1\" data-large-file=\"https:\/\/i0.wp.com\/www.tropicalcubanholiday.com\/wp-content\/uploads\/2019\/05\/Fiat-Rimor-Seal-5.jpg?fit=800%2C558&amp;ssl=1\" decoding=\"async\" loading=\"lazy\" class=\"wp-image-30637 size-thumbnail\" src=\"https:\/\/i0.wp.com\/www.tropicalcubanholiday.com\/wp-content\/uploads\/2019\/05\/Fiat-Rimor-Seal-5.jpg?resize=150%2C150&#038;ssl=1\" alt=\"L'entr\u00e9e de la Fiat Ducato Campering-car Cuba tropicalcubanholiday.com\" width=\"150\" height=\"150\" data-recalc-dims=\"1\" srcset=\"https:\/\/i0.wp.com\/www.tropicalcubanholiday.com\/wp-content\/uploads\/2019\/05\/Fiat-Rimor-Seal-5.jpg?resize=150%2C150&amp;ssl=1 150w, https:\/\/i0.wp.com\/www.tropicalcubanholiday.com\/wp-content\/uploads\/2019\/05\/Fiat-Rimor-Seal-5.jpg?resize=180%2C180&amp;ssl=1 180w, https:\/\/i0.wp.com\/www.tropicalcubanholiday.com\/wp-content\/uploads\/2019\/05\/Fiat-Rimor-Seal-5.jpg?resize=300%2C300&amp;ssl=1 300w, https:\/\/i0.wp.com\/www.tropicalcubanholiday.com\/wp-content\/uploads\/2019\/05\/Fiat-Rimor-Seal-5.jpg?zoom=3&amp;resize=150%2C150&amp;ssl=1 450w\" sizes=\"(max-width: 150px) 100vw, 150px\" \/><figcaption id=\"caption-attachment-30637\" class=\"wp-caption-text\">L&rsquo;entr\u00e9e de la Fiat Ducato tropicalcubanholiday.com<\/figcaption><\/figure>\t\t\t\t\t\t<\/div>\n\t\t\t\t\t<\/div>\n\t\t\t\t<\/div>\n\t\t\t\t\t\t\t<div class=\"premium-image-hotspots-main-icons tooltip-wrapper premium-image-hotspots-anim  elementor-repeater-item-78c4b7f premium-image-hotspots-main-icons-78c4b7f\" data-tooltip-content=\"#tooltip_content\">\n\t\t\t\t\t\n\t\t\t\t\t\t\t\t\t\t\t\t<i class=\"elementor-animation-grow premium-svg-nodraw\"><\/i>\n\t\t\t\t\t\t\t\t\t\t\t\n\t\t\t\t\t\n\t\t\t\t\t<div class=\"premium-image-hotspots-tooltips-wrapper\">\n\t\t\t\t\t\t<div id=\"tooltip_content\" class=\"premium-image-hotspots-tooltips-text\">\n\t\t\t\t\t\t\t<figure id=\"attachment_30650\" aria-describedby=\"caption-attachment-30650\" style=\"width: 150px\" class=\"wp-caption alignnone\"><img data-attachment-id=\"30650\" data-permalink=\"https:\/\/www.tropicalcubanholiday.com\/fr\/fiat-rimor-seal-5-heckgarage-2\/\" data-orig-file=\"https:\/\/i0.wp.com\/www.tropicalcubanholiday.com\/wp-content\/uploads\/2019\/06\/Fiat-Rimor-Seal-5-Heckgarage.jpg?fit=503%2C408&amp;ssl=1\" data-orig-size=\"503,408\" data-comments-opened=\"0\" data-image-meta=\"{&quot;aperture&quot;:&quot;0&quot;,&quot;credit&quot;:&quot;&quot;,&quot;camera&quot;:&quot;&quot;,&quot;caption&quot;:&quot;&quot;,&quot;created_timestamp&quot;:&quot;0&quot;,&quot;copyright&quot;:&quot;&quot;,&quot;focal_length&quot;:&quot;0&quot;,&quot;iso&quot;:&quot;0&quot;,&quot;shutter_speed&quot;:&quot;0&quot;,&quot;title&quot;:&quot;&quot;,&quot;orientation&quot;:&quot;0&quot;}\" data-image-title=\"Coffre de Fiat Ducato Camping-Car tropicalcubanholiday.com\" data-image-description=\"&lt;p&gt;Coffre de Fiat Ducato Camping-Car tropicalcubanholiday.com&lt;\/p&gt;\n\" data-image-caption=\"&lt;p&gt;Coffre de Fiat Ducato Camping-Car tropicalcubanholiday.com&lt;\/p&gt;\n\" data-medium-file=\"https:\/\/i0.wp.com\/www.tropicalcubanholiday.com\/wp-content\/uploads\/2019\/06\/Fiat-Rimor-Seal-5-Heckgarage.jpg?fit=300%2C243&amp;ssl=1\" data-large-file=\"https:\/\/i0.wp.com\/www.tropicalcubanholiday.com\/wp-content\/uploads\/2019\/06\/Fiat-Rimor-Seal-5-Heckgarage.jpg?fit=503%2C408&amp;ssl=1\" decoding=\"async\" loading=\"lazy\" class=\"wp-image-30650 size-thumbnail\" src=\"https:\/\/i0.wp.com\/www.tropicalcubanholiday.com\/wp-content\/uploads\/2019\/06\/Fiat-Rimor-Seal-5-Heckgarage.jpg?resize=150%2C150&#038;ssl=1\" alt=\"Coffre de Fiat Ducato Camping-Car tropicalcubanholiday.com\" width=\"150\" height=\"150\" data-recalc-dims=\"1\" srcset=\"https:\/\/i0.wp.com\/www.tropicalcubanholiday.com\/wp-content\/uploads\/2019\/06\/Fiat-Rimor-Seal-5-Heckgarage.jpg?resize=150%2C150&amp;ssl=1 150w, https:\/\/i0.wp.com\/www.tropicalcubanholiday.com\/wp-content\/uploads\/2019\/06\/Fiat-Rimor-Seal-5-Heckgarage.jpg?resize=180%2C180&amp;ssl=1 180w, https:\/\/i0.wp.com\/www.tropicalcubanholiday.com\/wp-content\/uploads\/2019\/06\/Fiat-Rimor-Seal-5-Heckgarage.jpg?resize=300%2C300&amp;ssl=1 300w, https:\/\/i0.wp.com\/www.tropicalcubanholiday.com\/wp-content\/uploads\/2019\/06\/Fiat-Rimor-Seal-5-Heckgarage.jpg?zoom=3&amp;resize=150%2C150&amp;ssl=1 450w\" sizes=\"(max-width: 150px) 100vw, 150px\" \/><figcaption id=\"caption-attachment-30650\" class=\"wp-caption-text\">Coffre de Fiat Ducato Camping-Car<\/figcaption><\/figure>\t\t\t\t\t\t<\/div>\n\t\t\t\t\t<\/div>\n\t\t\t\t<\/div>\n\t\t\t\t\t\t\t<div class=\"premium-image-hotspots-main-icons tooltip-wrapper premium-image-hotspots-anim  elementor-repeater-item-60a1eb8 premium-image-hotspots-main-icons-60a1eb8\" data-tooltip-content=\"#tooltip_content\">\n\t\t\t\t\t\n\t\t\t\t\t\t\t\t\t\t\t\t<i class=\"elementor-animation-grow premium-svg-nodraw\"><\/i>\n\t\t\t\t\t\t\t\t\t\t\t\n\t\t\t\t\t\n\t\t\t\t\t<div class=\"premium-image-hotspots-tooltips-wrapper\">\n\t\t\t\t\t\t<div id=\"tooltip_content\" class=\"premium-image-hotspots-tooltips-text\">\n\t\t\t\t\t\t\t<figure id=\"attachment_30660\" aria-describedby=\"caption-attachment-30660\" style=\"width: 150px\" class=\"wp-caption alignnone\"><img data-attachment-id=\"30660\" data-permalink=\"https:\/\/www.tropicalcubanholiday.com\/fr\/camping-car-a-cuba\/fiat-rimor-seal-5-little-bed-2\/\" data-orig-file=\"https:\/\/i0.wp.com\/www.tropicalcubanholiday.com\/wp-content\/uploads\/2019\/05\/Fiat-Rimor-Seal-5-little-bed.jpg?fit=800%2C558&amp;ssl=1\" data-orig-size=\"800,558\" data-comments-opened=\"0\" data-image-meta=\"{&quot;aperture&quot;:&quot;0&quot;,&quot;credit&quot;:&quot;&quot;,&quot;camera&quot;:&quot;&quot;,&quot;caption&quot;:&quot;&quot;,&quot;created_timestamp&quot;:&quot;0&quot;,&quot;copyright&quot;:&quot;&quot;,&quot;focal_length&quot;:&quot;0&quot;,&quot;iso&quot;:&quot;0&quot;,&quot;shutter_speed&quot;:&quot;0&quot;,&quot;title&quot;:&quot;&quot;,&quot;orientation&quot;:&quot;0&quot;}\" data-image-title=\"Un petit lit Fiat Ducato Caping-car tropicalcubanholiday.com\" data-image-description=\"&lt;p&gt;Un petit lit Fiat Ducato Caping-car tropicalcubanholiday.com&lt;\/p&gt;\n\" data-image-caption=\"&lt;p&gt;Un petit lit Fiat Ducato Caping-car tropicalcubanholiday.com&lt;\/p&gt;\n\" data-medium-file=\"https:\/\/i0.wp.com\/www.tropicalcubanholiday.com\/wp-content\/uploads\/2019\/05\/Fiat-Rimor-Seal-5-little-bed.jpg?fit=300%2C209&amp;ssl=1\" data-large-file=\"https:\/\/i0.wp.com\/www.tropicalcubanholiday.com\/wp-content\/uploads\/2019\/05\/Fiat-Rimor-Seal-5-little-bed.jpg?fit=800%2C558&amp;ssl=1\" decoding=\"async\" loading=\"lazy\" class=\"wp-image-30660 size-thumbnail\" src=\"https:\/\/i0.wp.com\/www.tropicalcubanholiday.com\/wp-content\/uploads\/2019\/05\/Fiat-Rimor-Seal-5-little-bed.jpg?resize=150%2C150&#038;ssl=1\" alt=\"Un petit lit Fiat Ducato Caping-car tropicalcubanholiday.com\" width=\"150\" height=\"150\" data-recalc-dims=\"1\" srcset=\"https:\/\/i0.wp.com\/www.tropicalcubanholiday.com\/wp-content\/uploads\/2019\/05\/Fiat-Rimor-Seal-5-little-bed.jpg?resize=150%2C150&amp;ssl=1 150w, https:\/\/i0.wp.com\/www.tropicalcubanholiday.com\/wp-content\/uploads\/2019\/05\/Fiat-Rimor-Seal-5-little-bed.jpg?resize=180%2C180&amp;ssl=1 180w, https:\/\/i0.wp.com\/www.tropicalcubanholiday.com\/wp-content\/uploads\/2019\/05\/Fiat-Rimor-Seal-5-little-bed.jpg?resize=300%2C300&amp;ssl=1 300w, https:\/\/i0.wp.com\/www.tropicalcubanholiday.com\/wp-content\/uploads\/2019\/05\/Fiat-Rimor-Seal-5-little-bed.jpg?zoom=3&amp;resize=150%2C150&amp;ssl=1 450w\" sizes=\"(max-width: 150px) 100vw, 150px\" \/><figcaption id=\"caption-attachment-30660\" class=\"wp-caption-text\">Un petit lit Fiat Ducato Caping-car tropicalcubanholiday.com<\/figcaption><\/figure>\t\t\t\t\t\t<\/div>\n\t\t\t\t\t<\/div>\n\t\t\t\t<\/div>\n\t\t\t\t\t\t\t<div class=\"premium-image-hotspots-main-icons tooltip-wrapper premium-image-hotspots-anim  elementor-repeater-item-1a1181f premium-image-hotspots-main-icons-1a1181f\" data-tooltip-content=\"#tooltip_content\">\n\t\t\t\t\t\n\t\t\t\t\t\t\t\t\t\t\t\t<i class=\"elementor-animation-grow premium-svg-nodraw\"><\/i>\n\t\t\t\t\t\t\t\t\t\t\t\n\t\t\t\t\t\n\t\t\t\t\t<div class=\"premium-image-hotspots-tooltips-wrapper\">\n\t\t\t\t\t\t<div id=\"tooltip_content\" class=\"premium-image-hotspots-tooltips-text\">\n\t\t\t\t\t\t\t<figure id=\"attachment_30672\" aria-describedby=\"caption-attachment-30672\" style=\"width: 150px\" class=\"wp-caption alignnone\"><img data-attachment-id=\"30672\" data-permalink=\"https:\/\/www.tropicalcubanholiday.com\/fr\/camping-car-a-cuba\/fiat-ducato-rimor-seal5-wc-shower-2\/\" data-orig-file=\"https:\/\/i0.wp.com\/www.tropicalcubanholiday.com\/wp-content\/uploads\/2019\/05\/Fiat-Ducato-Rimor-Seal5-wc-shower.jpg?fit=447%2C758&amp;ssl=1\" data-orig-size=\"447,758\" data-comments-opened=\"0\" data-image-meta=\"{&quot;aperture&quot;:&quot;0&quot;,&quot;credit&quot;:&quot;&quot;,&quot;camera&quot;:&quot;&quot;,&quot;caption&quot;:&quot;&quot;,&quot;created_timestamp&quot;:&quot;0&quot;,&quot;copyright&quot;:&quot;&quot;,&quot;focal_length&quot;:&quot;0&quot;,&quot;iso&quot;:&quot;0&quot;,&quot;shutter_speed&quot;:&quot;0&quot;,&quot;title&quot;:&quot;&quot;,&quot;orientation&quot;:&quot;0&quot;}\" data-image-title=\"Camping-car Fiat Ducato  toilette et douche tropicalcubanholiday.com\" data-image-description=\"&lt;p&gt;Camping-car Fiat Ducato  toilette et douche tropicalcubanholiday.com&lt;\/p&gt;\n\" data-image-caption=\"&lt;p&gt;Camping-car Fiat Ducato  toilette et douche &lt;\/p&gt;\n\" data-medium-file=\"https:\/\/i0.wp.com\/www.tropicalcubanholiday.com\/wp-content\/uploads\/2019\/05\/Fiat-Ducato-Rimor-Seal5-wc-shower.jpg?fit=177%2C300&amp;ssl=1\" data-large-file=\"https:\/\/i0.wp.com\/www.tropicalcubanholiday.com\/wp-content\/uploads\/2019\/05\/Fiat-Ducato-Rimor-Seal5-wc-shower.jpg?fit=447%2C758&amp;ssl=1\" decoding=\"async\" loading=\"lazy\" class=\"wp-image-30672 size-thumbnail\" src=\"https:\/\/i0.wp.com\/www.tropicalcubanholiday.com\/wp-content\/uploads\/2019\/05\/Fiat-Ducato-Rimor-Seal5-wc-shower.jpg?resize=150%2C150&#038;ssl=1\" alt=\"Camping-car Fiat Ducato  toilette et douche tropicalcubanholiday.com\" width=\"150\" height=\"150\" data-recalc-dims=\"1\" srcset=\"https:\/\/i0.wp.com\/www.tropicalcubanholiday.com\/wp-content\/uploads\/2019\/05\/Fiat-Ducato-Rimor-Seal5-wc-shower.jpg?resize=150%2C150&amp;ssl=1 150w, https:\/\/i0.wp.com\/www.tropicalcubanholiday.com\/wp-content\/uploads\/2019\/05\/Fiat-Ducato-Rimor-Seal5-wc-shower.jpg?resize=180%2C180&amp;ssl=1 180w, https:\/\/i0.wp.com\/www.tropicalcubanholiday.com\/wp-content\/uploads\/2019\/05\/Fiat-Ducato-Rimor-Seal5-wc-shower.jpg?resize=300%2C300&amp;ssl=1 300w\" sizes=\"(max-width: 150px) 100vw, 150px\" \/><figcaption id=\"caption-attachment-30672\" class=\"wp-caption-text\">Camping-car Fiat Ducato toilette et douche<\/figcaption><\/figure>\t\t\t\t\t\t<\/div>\n\t\t\t\t\t<\/div>\n\t\t\t\t<\/div>\n\t\t\t\t\t\t\t<div class=\"premium-image-hotspots-main-icons tooltip-wrapper premium-image-hotspots-anim  elementor-repeater-item-d80db42 premium-image-hotspots-main-icons-d80db42\" data-tooltip-content=\"#tooltip_content\">\n\t\t\t\t\t\n\t\t\t\t\t\t\t\t\t\t\t\t<i class=\"elementor-animation-grow premium-svg-nodraw\"><\/i>\n\t\t\t\t\t\t\t\t\t\t\t\n\t\t\t\t\t\n\t\t\t\t\t<div class=\"premium-image-hotspots-tooltips-wrapper\">\n\t\t\t\t\t\t<div id=\"tooltip_content\" class=\"premium-image-hotspots-tooltips-text\">\n\t\t\t\t\t\t\t<figure id=\"attachment_30665\" aria-describedby=\"caption-attachment-30665\" style=\"width: 150px\" class=\"wp-caption alignnone\"><img data-attachment-id=\"30665\" data-permalink=\"https:\/\/www.tropicalcubanholiday.com\/fr\/camping-car-a-cuba\/fiat-ducato-rimor-seal5-inside-2\/\" data-orig-file=\"https:\/\/i0.wp.com\/www.tropicalcubanholiday.com\/wp-content\/uploads\/2019\/05\/Fiat-Ducato-Rimor-Seal5-inside.jpg?fit=661%2C608&amp;ssl=1\" data-orig-size=\"661,608\" data-comments-opened=\"0\" data-image-meta=\"{&quot;aperture&quot;:&quot;0&quot;,&quot;credit&quot;:&quot;&quot;,&quot;camera&quot;:&quot;&quot;,&quot;caption&quot;:&quot;&quot;,&quot;created_timestamp&quot;:&quot;0&quot;,&quot;copyright&quot;:&quot;&quot;,&quot;focal_length&quot;:&quot;0&quot;,&quot;iso&quot;:&quot;0&quot;,&quot;shutter_speed&quot;:&quot;0&quot;,&quot;title&quot;:&quot;&quot;,&quot;orientation&quot;:&quot;0&quot;}\" data-image-title=\"cuisine de Fiat Ducato Campering-car tropicalcubanholiday.com\" data-image-description=\"&lt;p&gt;cuisine de Fiat Ducato Campering-car tropicalcubanholiday.com&lt;\/p&gt;\n\" data-image-caption=\"&lt;p&gt;cuisine de Fiat Ducato Campering-car &lt;\/p&gt;\n\" data-medium-file=\"https:\/\/i0.wp.com\/www.tropicalcubanholiday.com\/wp-content\/uploads\/2019\/05\/Fiat-Ducato-Rimor-Seal5-inside.jpg?fit=300%2C276&amp;ssl=1\" data-large-file=\"https:\/\/i0.wp.com\/www.tropicalcubanholiday.com\/wp-content\/uploads\/2019\/05\/Fiat-Ducato-Rimor-Seal5-inside.jpg?fit=661%2C608&amp;ssl=1\" decoding=\"async\" loading=\"lazy\" class=\"wp-image-30665 size-thumbnail\" src=\"https:\/\/i0.wp.com\/www.tropicalcubanholiday.com\/wp-content\/uploads\/2019\/05\/Fiat-Ducato-Rimor-Seal5-inside.jpg?resize=150%2C150&#038;ssl=1\" alt=\"cuisine de Fiat Ducato Campering-car tropicalcubanholiday.com\" width=\"150\" height=\"150\" data-recalc-dims=\"1\" srcset=\"https:\/\/i0.wp.com\/www.tropicalcubanholiday.com\/wp-content\/uploads\/2019\/05\/Fiat-Ducato-Rimor-Seal5-inside.jpg?resize=150%2C150&amp;ssl=1 150w, https:\/\/i0.wp.com\/www.tropicalcubanholiday.com\/wp-content\/uploads\/2019\/05\/Fiat-Ducato-Rimor-Seal5-inside.jpg?resize=180%2C180&amp;ssl=1 180w, https:\/\/i0.wp.com\/www.tropicalcubanholiday.com\/wp-content\/uploads\/2019\/05\/Fiat-Ducato-Rimor-Seal5-inside.jpg?resize=300%2C300&amp;ssl=1 300w, https:\/\/i0.wp.com\/www.tropicalcubanholiday.com\/wp-content\/uploads\/2019\/05\/Fiat-Ducato-Rimor-Seal5-inside.jpg?resize=600%2C600&amp;ssl=1 600w, https:\/\/i0.wp.com\/www.tropicalcubanholiday.com\/wp-content\/uploads\/2019\/05\/Fiat-Ducato-Rimor-Seal5-inside.jpg?zoom=3&amp;resize=150%2C150&amp;ssl=1 450w\" sizes=\"(max-width: 150px) 100vw, 150px\" \/><figcaption id=\"caption-attachment-30665\" class=\"wp-caption-text\">cuisine de Fiat Ducato Campering-car<\/figcaption><\/figure>\t\t\t\t\t\t<\/div>\n\t\t\t\t\t<\/div>\n\t\t\t\t<\/div>\n\t\t\t\t\t\t\t<div class=\"premium-image-hotspots-main-icons tooltip-wrapper premium-image-hotspots-anim  elementor-repeater-item-2ea6a7d premium-image-hotspots-main-icons-2ea6a7d\" data-tooltip-content=\"#tooltip_content\">\n\t\t\t\t\t\n\t\t\t\t\t\t\t\t\t\t\t\t<i class=\"elementor-animation-grow premium-svg-nodraw\"><\/i>\n\t\t\t\t\t\t\t\t\t\t\t\n\t\t\t\t\t\n\t\t\t\t\t<div class=\"premium-image-hotspots-tooltips-wrapper\">\n\t\t\t\t\t\t<div id=\"tooltip_content\" class=\"premium-image-hotspots-tooltips-text\">\n\t\t\t\t\t\t\t<figure id=\"attachment_30676\" aria-describedby=\"caption-attachment-30676\" style=\"width: 150px\" class=\"wp-caption alignnone\"><img data-attachment-id=\"30676\" data-permalink=\"https:\/\/www.tropicalcubanholiday.com\/fr\/camping-car-a-cuba\/fiat-ducato-rimor-seal-5-cuba-2\/\" data-orig-file=\"https:\/\/i0.wp.com\/www.tropicalcubanholiday.com\/wp-content\/uploads\/2019\/05\/Fiat-Ducato-Rimor-Seal-5-Cuba.jpeg?fit=1366%2C911&amp;ssl=1\" data-orig-size=\"1366,911\" data-comments-opened=\"0\" data-image-meta=\"{&quot;aperture&quot;:&quot;0&quot;,&quot;credit&quot;:&quot;&quot;,&quot;camera&quot;:&quot;&quot;,&quot;caption&quot;:&quot;&quot;,&quot;created_timestamp&quot;:&quot;0&quot;,&quot;copyright&quot;:&quot;&quot;,&quot;focal_length&quot;:&quot;0&quot;,&quot;iso&quot;:&quot;0&quot;,&quot;shutter_speed&quot;:&quot;0&quot;,&quot;title&quot;:&quot;&quot;,&quot;orientation&quot;:&quot;0&quot;}\" data-image-title=\"Fiat Ducato Rimor Seal 5 Cuba\" data-image-description=\"&lt;p&gt;Aires de stationnement camping-car \u00e0 Cuba tropicalcubanholiday.com&lt;\/p&gt;\n\" data-image-caption=\"&lt;p&gt;Camping-car Fiat Ducato avec auvent r\u00e9tractable et table pliante et quatre chaises&lt;\/p&gt;\n\" data-medium-file=\"https:\/\/i0.wp.com\/www.tropicalcubanholiday.com\/wp-content\/uploads\/2019\/05\/Fiat-Ducato-Rimor-Seal-5-Cuba.jpeg?fit=300%2C200&amp;ssl=1\" data-large-file=\"https:\/\/i0.wp.com\/www.tropicalcubanholiday.com\/wp-content\/uploads\/2019\/05\/Fiat-Ducato-Rimor-Seal-5-Cuba.jpeg?fit=1024%2C683&amp;ssl=1\" decoding=\"async\" loading=\"lazy\" class=\"wp-image-30676 size-thumbnail\" src=\"https:\/\/i0.wp.com\/www.tropicalcubanholiday.com\/wp-content\/uploads\/2019\/05\/Fiat-Ducato-Rimor-Seal-5-Cuba.jpeg?resize=150%2C150&#038;ssl=1\" alt=\"Camping-car Fiat Ducato avec auvent r\u00e9tractable et table pliante et quatre chaises tropicalcubanholiday.com\" width=\"150\" height=\"150\" data-recalc-dims=\"1\" srcset=\"https:\/\/i0.wp.com\/www.tropicalcubanholiday.com\/wp-content\/uploads\/2019\/05\/Fiat-Ducato-Rimor-Seal-5-Cuba.jpeg?resize=150%2C150&amp;ssl=1 150w, https:\/\/i0.wp.com\/www.tropicalcubanholiday.com\/wp-content\/uploads\/2019\/05\/Fiat-Ducato-Rimor-Seal-5-Cuba.jpeg?resize=180%2C180&amp;ssl=1 180w, https:\/\/i0.wp.com\/www.tropicalcubanholiday.com\/wp-content\/uploads\/2019\/05\/Fiat-Ducato-Rimor-Seal-5-Cuba.jpeg?resize=300%2C300&amp;ssl=1 300w, https:\/\/i0.wp.com\/www.tropicalcubanholiday.com\/wp-content\/uploads\/2019\/05\/Fiat-Ducato-Rimor-Seal-5-Cuba.jpeg?resize=600%2C600&amp;ssl=1 600w, https:\/\/i0.wp.com\/www.tropicalcubanholiday.com\/wp-content\/uploads\/2019\/05\/Fiat-Ducato-Rimor-Seal-5-Cuba.jpeg?zoom=3&amp;resize=150%2C150&amp;ssl=1 450w\" sizes=\"(max-width: 150px) 100vw, 150px\" \/><figcaption id=\"caption-attachment-30676\" class=\"wp-caption-text\">Camping-car Fiat Ducato avec auvent r\u00e9tractable et table pliante et quatre chaises<\/figcaption><\/figure>\t\t\t\t\t\t<\/div>\n\t\t\t\t\t<\/div>\n\t\t\t\t<\/div>\n\t\t\t\t\t<\/div>\n\t<\/div>\n\t\t\t\t<\/div>\n\t\t\t\t<\/div>\n\t\t\t\t<div class=\"elementor-element elementor-element-170bdcf elementor-widget elementor-widget-text-editor\" data-id=\"170bdcf\" data-element_type=\"widget\" data-widget_type=\"text-editor.default\">\n\t\t\t\t<div class=\"elementor-widget-container\">\n\t\t\t\t\t\t\t\t<div class=\"elementor-text-editor elementor-clearfix\">\n\t\t\t\t<p>Tous les d\u00e9tails techniques sur Fiat Ducato<\/p>\t\t\t\t\t<\/div>\n\t\t\t\t\t\t<\/div>\n\t\t\t\t<\/div>\n\t\t\t\t<div class=\"elementor-element elementor-element-43b8ff9 elementor-widget elementor-widget-premium-img-layers-addon\" data-id=\"43b8ff9\" data-element_type=\"widget\" data-widget_type=\"premium-img-layers-addon.default\">\n\t\t\t\t<div class=\"elementor-widget-container\">\n\t\t\t\n\t<div class=\"premium-img-layers-wrapper\" data-devices=\"[&quot;desktop&quot;,&quot;tablet&quot;,&quot;mobile&quot;]\">\n\t\t<ul class=\"premium-img-layers-list-wrapper\">\n\t\t\t\n\t\t\t\t<li class=\"premium-img-layers-list-item  elementor-repeater-item-b0334a9 premium-img-layer-\" data-layer-animation=\" \" data-layer-hide=\"&quot;&quot;\">\n\t\t\t\t\t<img decoding=\"async\" width=\"746\" height=\"425\" src=\"https:\/\/i0.wp.com\/www.tropicalcubanholiday.com\/wp-content\/uploads\/2019\/06\/FIAT-DUCATO-Camper-Van-guide-1.jpg?fit=746%2C425&amp;ssl=1\" class=\"attachment-full size-full premium-img-layers-image\" alt=\"FIAT DUCATO Camper Van inside by tropicalcubanholiday.com\" loading=\"lazy\" data-attachment-id=\"29667\" data-permalink=\"https:\/\/www.tropicalcubanholiday.com\/fr\/listings\/campervan-rimor\/fiat-ducato-camper-van-guide-1\/\" data-orig-file=\"https:\/\/i0.wp.com\/www.tropicalcubanholiday.com\/wp-content\/uploads\/2019\/06\/FIAT-DUCATO-Camper-Van-guide-1.jpg?fit=746%2C425&amp;ssl=1\" data-orig-size=\"746,425\" data-comments-opened=\"0\" data-image-meta=\"{&quot;aperture&quot;:&quot;0&quot;,&quot;credit&quot;:&quot;&quot;,&quot;camera&quot;:&quot;&quot;,&quot;caption&quot;:&quot;&quot;,&quot;created_timestamp&quot;:&quot;0&quot;,&quot;copyright&quot;:&quot;&quot;,&quot;focal_length&quot;:&quot;0&quot;,&quot;iso&quot;:&quot;0&quot;,&quot;shutter_speed&quot;:&quot;0&quot;,&quot;title&quot;:&quot;&quot;,&quot;orientation&quot;:&quot;0&quot;}\" data-image-title=\"FIAT DUCATO Camper Van inside by  tropicalcubanholiday.com\" data-image-description=\"&lt;p&gt;This Italian Fiat Ducato Campervan Rimor has sleeping facility, proper bathroom, with a shower with a toilet and air conditioning&lt;\/p&gt;\n\" data-image-caption=\"&lt;p&gt;This Italian Fiat Ducato Campervan Rimor has sleeping facility, proper bathroom, with a shower with a toilet and air conditioning&lt;\/p&gt;\n\" data-medium-file=\"https:\/\/i0.wp.com\/www.tropicalcubanholiday.com\/wp-content\/uploads\/2019\/06\/FIAT-DUCATO-Camper-Van-guide-1.jpg?fit=300%2C171&amp;ssl=1\" data-large-file=\"https:\/\/i0.wp.com\/www.tropicalcubanholiday.com\/wp-content\/uploads\/2019\/06\/FIAT-DUCATO-Camper-Van-guide-1.jpg?fit=746%2C425&amp;ssl=1\" \/>\n\t\t\t\t\t\t\n\t\t\t\t\t\n\t\t\t\t<\/li>\n\t\t\t\t\t<\/ul>\n\t<\/div>\n\n\t\t\t\t<\/div>\n\t\t\t\t<\/div>\n\t\t\t\t<div class=\"elementor-element elementor-element-1b3eb29d elementor-widget elementor-widget-premium-addon-button\" data-id=\"1b3eb29d\" data-element_type=\"widget\" data-widget_type=\"premium-addon-button.default\">\n\t\t\t\t<div class=\"elementor-widget-container\">\n\t\t\t\r\n\r\n\t\t<a class=\"premium-button premium-button-none premium-btn-sm premium-button-none\" href=\"https:\/\/www.tropicalcubanholiday.com\/fr\/demande-de-camping-car-rimor\/\" target=\"_blank\">\r\n\t\t\t<div class=\"premium-button-text-icon-wrapper\">\r\n\t\t\t\t\t\t\t\t<span >\r\n\t\t\t\t\tr\u00e9server un\t\t\t\t<\/span>\r\n\t\t\t\t\t\t\t<\/div>\r\n\t\t\t\t\t\t\t\t<\/a>\r\n\r\n\r\n\t\t\t\t<\/div>\n\t\t\t\t<\/div>\n\t\t\t\t\t\t<\/div>\n\t\t\t\t\t<\/div>\n\t\t<\/div>\n\t\t\t\t\t\t\t\t<\/div>\n\t\t\t\t\t<\/div>\n\t\t<\/section>\n\t\t\t\t<section class=\"elementor-section elementor-inner-section elementor-element elementor-element-59d40d88 elementor-section-boxed elementor-section-height-default elementor-section-height-default\" data-id=\"59d40d88\" data-element_type=\"section\">\n\t\t\t\t\t\t<div class=\"elementor-container elementor-column-gap-default\">\n\t\t\t\t\t\t\t<div class=\"elementor-row\">\n\t\t\t\t\t<div class=\"elementor-column elementor-col-100 elementor-inner-column elementor-element elementor-element-2d5abe18\" data-id=\"2d5abe18\" data-element_type=\"column\">\n\t\t\t<div class=\"elementor-column-wrap elementor-element-populated\">\n\t\t\t\t\t\t\t<div class=\"elementor-widget-wrap\">\n\t\t\t\t\t\t<div class=\"elementor-element elementor-element-213e8028 elementor-widget elementor-widget-premium-addon-title\" data-id=\"213e8028\" data-element_type=\"widget\" data-widget_type=\"premium-addon-title.default\">\n\t\t\t\t<div class=\"elementor-widget-container\">\n\t\t\t\r\n\t<div class=\"premium-title-container style7\">\r\n\t\t<h3 class=\"premium-title-header premium-title-style7\">\r\n\t\t\t\t\t\t\t\t\t\t\t\t<span class=\"premium-title-style7-stripe-wrap\">\r\n\t\t\t\t\t\t<span class=\"premium-title-style7-stripe\"><\/span>\r\n\t\t\t\t\t<\/span>\r\n\t\t\t\t\t\t\t\t<div class=\"premium-title-style7-inner\">\r\n\t\t\t\r\n\t\t\t\r\n\t\t\t\t\t\t\t\t\t\t\t\t\t\t\t\t<span class=\"premium-title-text\" >\r\n\t\t\t\tLes Avantages de Louer un Camping-car\t\t\t<\/span>\r\n\t\t\t\t\r\n\t\t\t\t\t\t\t<\/div>\r\n\t\t\t\t\t\t\t\t<\/h3>\r\n\t<\/div>\r\n\r\n\t\t\t\t<\/div>\n\t\t\t\t<\/div>\n\t\t\t\t<div class=\"elementor-element elementor-element-361bfd88 elementor-widget elementor-widget-text-editor\" data-id=\"361bfd88\" data-element_type=\"widget\" data-widget_type=\"text-editor.default\">\n\t\t\t\t<div class=\"elementor-widget-container\">\n\t\t\t\t\t\t\t\t<div class=\"elementor-text-editor elementor-clearfix\">\n\t\t\t\t<p>Vous effectuez une r\u00e9servation de location de camping-car pour un certain nombre de jours, sans itin\u00e9raire; la programmation est compl\u00e8tement \u00e0 vous. Vous pouvez voyager de La Havane \u00e0 la campagne de tabac de Pinar del Rio et \u00e0 la magnifique r\u00e9gion naturelle de Soroa, puis visiter la nature sauvage de la p\u00e9ninsule de Zapata et le charme colonial de Trinidad pour enfin installer votre campement dans une oasis de verdure sur les plages de sable blanc de Varadero. . Louer un camping-car vous permet d\u2019\u00eatre transitoire, flexible, libre et de faire de ces souvenirs inoubliables.<br \/>N&rsquo;oubliez pas que vous r\u00e9servez en ligne le camping-car chez nous pendant que vous louez plus de jours de r\u00e9duction.<\/p>\t\t\t\t\t<\/div>\n\t\t\t\t\t\t<\/div>\n\t\t\t\t<\/div>\n\t\t\t\t\t\t<\/div>\n\t\t\t\t\t<\/div>\n\t\t<\/div>\n\t\t\t\t\t\t\t\t<\/div>\n\t\t\t\t\t<\/div>\n\t\t<\/section>\n\t\t\t\t<section class=\"elementor-section elementor-inner-section elementor-element elementor-element-ac97c7c elementor-section-boxed elementor-section-height-default elementor-section-height-default\" data-id=\"ac97c7c\" data-element_type=\"section\">\n\t\t\t\t\t\t<div class=\"elementor-container elementor-column-gap-default\">\n\t\t\t\t\t\t\t<div class=\"elementor-row\">\n\t\t\t\t\t<div class=\"elementor-column elementor-col-100 elementor-inner-column elementor-element elementor-element-7f00d5\" data-id=\"7f00d5\" data-element_type=\"column\">\n\t\t\t<div class=\"elementor-column-wrap elementor-element-populated\">\n\t\t\t\t\t\t\t<div class=\"elementor-widget-wrap\">\n\t\t\t\t\t\t<div class=\"elementor-element elementor-element-720d0195 elementor-widget elementor-widget-premium-addon-title\" data-id=\"720d0195\" data-element_type=\"widget\" data-widget_type=\"premium-addon-title.default\">\n\t\t\t\t<div class=\"elementor-widget-container\">\n\t\t\t\r\n\t<div class=\"premium-title-container style7\">\r\n\t\t<h3 class=\"premium-title-header premium-title-style7\">\r\n\t\t\t\t\t\t\t\t\t\t\t\t<span class=\"premium-title-style7-stripe-wrap\">\r\n\t\t\t\t\t\t<span class=\"premium-title-style7-stripe\"><\/span>\r\n\t\t\t\t\t<\/span>\r\n\t\t\t\t\t\t\t\t<div class=\"premium-title-style7-inner\">\r\n\t\t\t\r\n\t\t\t\r\n\t\t\t\t\t\t\t\t\t\t\t\t\t\t\t\t<span class=\"premium-title-text\" >\r\n\t\t\t\tCommencez l'Aventure\t\t\t<\/span>\r\n\t\t\t\t\r\n\t\t\t\t\t\t\t<\/div>\r\n\t\t\t\t\t\t\t\t<\/h3>\r\n\t<\/div>\r\n\r\n\t\t\t\t<\/div>\n\t\t\t\t<\/div>\n\t\t\t\t<div class=\"elementor-element elementor-element-7b9db486 elementor-widget elementor-widget-text-editor\" data-id=\"7b9db486\" data-element_type=\"widget\" data-widget_type=\"text-editor.default\">\n\t\t\t\t<div class=\"elementor-widget-container\">\n\t\t\t\t\t\t\t\t<div class=\"elementor-text-editor elementor-clearfix\">\n\t\t\t\t<p>Maintenant, ce confortable camping-car Fiat Ducato sera votre nouvelle maison. N&rsquo;oubliez pas que si vous pouvez vous d\u00e9placer n&rsquo;importe o\u00f9 sur l&rsquo;\u00eele, vous devez disposer d&rsquo;un guide de base de votre voyage et des points d&rsquo;arr\u00eat possibles pour \u00e9viter tout recul ou stress. Gardez l\u2019esprit ouvert pendant que vous conduisez et d\u00e9couvrez les nouvelles destinations et arr\u00eatez-vous simplement si vous voyez quelque chose d\u2019int\u00e9ressant. Donnez-vous assez de jours pour votre visite, sinon vous passerez le plus clair de votre temps \u00e0 conduire.<\/p>\t\t\t\t\t<\/div>\n\t\t\t\t\t\t<\/div>\n\t\t\t\t<\/div>\n\t\t\t\t\t\t<\/div>\n\t\t\t\t\t<\/div>\n\t\t<\/div>\n\t\t\t\t\t\t\t\t<\/div>\n\t\t\t\t\t<\/div>\n\t\t<\/section>\n\t\t\t\t<section class=\"elementor-section elementor-inner-section elementor-element elementor-element-1ddb8089 elementor-section-boxed elementor-section-height-default elementor-section-height-default\" data-id=\"1ddb8089\" data-element_type=\"section\">\n\t\t\t\t\t\t<div class=\"elementor-container elementor-column-gap-default\">\n\t\t\t\t\t\t\t<div class=\"elementor-row\">\n\t\t\t\t\t<div class=\"elementor-column elementor-col-100 elementor-inner-column elementor-element elementor-element-79678da6\" data-id=\"79678da6\" data-element_type=\"column\">\n\t\t\t<div class=\"elementor-column-wrap elementor-element-populated\">\n\t\t\t\t\t\t\t<div class=\"elementor-widget-wrap\">\n\t\t\t\t\t\t<div class=\"elementor-element elementor-element-2f9a0a00 elementor-widget elementor-widget-premium-addon-title\" data-id=\"2f9a0a00\" data-element_type=\"widget\" data-widget_type=\"premium-addon-title.default\">\n\t\t\t\t<div class=\"elementor-widget-container\">\n\t\t\t\r\n\t<div class=\"premium-title-container style7\">\r\n\t\t<h3 class=\"premium-title-header premium-title-style7\">\r\n\t\t\t\t\t\t\t\t\t\t\t\t<span class=\"premium-title-style7-stripe-wrap\">\r\n\t\t\t\t\t\t<span class=\"premium-title-style7-stripe\"><\/span>\r\n\t\t\t\t\t<\/span>\r\n\t\t\t\t\t\t\t\t<div class=\"premium-title-style7-inner\">\r\n\t\t\t\r\n\t\t\t\r\n\t\t\t\t\t\t\t\t\t\t\t\t\t\t\t\t<span class=\"premium-title-text\" >\r\n\t\t\t\tSoigneusement Sur la Route\t\t\t<\/span>\r\n\t\t\t\t\r\n\t\t\t\t\t\t\t<\/div>\r\n\t\t\t\t\t\t\t\t<\/h3>\r\n\t<\/div>\r\n\r\n\t\t\t\t<\/div>\n\t\t\t\t<\/div>\n\t\t\t\t<div class=\"elementor-element elementor-element-3e49bf53 elementor-widget elementor-widget-text-editor\" data-id=\"3e49bf53\" data-element_type=\"widget\" data-widget_type=\"text-editor.default\">\n\t\t\t\t<div class=\"elementor-widget-container\">\n\t\t\t\t\t\t\t\t<div class=\"elementor-text-editor elementor-clearfix\">\n\t\t\t\t<p>Heureusement, vous conduirez un camping-car moderne et \u00e0 transmission automatique. Cependant, conduire un camping-car ou un camping-car est comme conduire un petit camion, vous devez donc conduire avec prudence et sans rapidit\u00e9. Puisque vous pouvez trouver sur la route \u00e0 Cuba, des pi\u00e9tons, des bicyclettes, des animaux et la meilleure pr\u00e9vention est de ne pas rouler vite, en particulier sur la route centrale \u00ab\u00a0Carretera Central\u00a0\u00bb, dans les villages, les villes et les zones rurales \u00eatre optimal dans certaines sections.<br \/>Gardez \u00e9galement toujours \u00e0 l&rsquo;esprit de conduire sur des routes principales bien que le trajet pour arriver \u00e0 votre destination soit plus long, car presque de ces routes adjacentes o\u00f9 vous pourriez conduire directement sont en construction et que le transit de v\u00e9hicules est impossible.<\/p><p>Autoroutes<br \/>L&rsquo;\u00eele poss\u00e8de deux autoroutes principales o\u00f9 vous pouvez avancer: l&rsquo;une est de La Havane \u00e0 Pinar del Rio en direction nord-ouest et de La Havane \u00e0 Santi Spiritus en direction sud-est. Et gardez \u00e0 l&rsquo;esprit de conduire sur la route principale.<\/p>\t\t\t\t\t<\/div>\n\t\t\t\t\t\t<\/div>\n\t\t\t\t<\/div>\n\t\t\t\t<div class=\"elementor-element elementor-element-7b8db0b elementor-widget elementor-widget-premium-addon-button\" data-id=\"7b8db0b\" data-element_type=\"widget\" data-widget_type=\"premium-addon-button.default\">\n\t\t\t\t<div class=\"elementor-widget-container\">\n\t\t\t\r\n\r\n\t\t<a class=\"premium-button premium-button-style4 premium-btn-sm premium-button-style4-bottom\" href=\"https:\/\/www.tropicalcubanholiday.com\/fr\/conduire-a-cuba\/\" target=\"_blank\">\r\n\t\t\t<div class=\"premium-button-text-icon-wrapper\">\r\n\t\t\t\t\t\t\t\t<span >\r\n\t\t\t\t\tplus de conseils de conduite\t\t\t\t<\/span>\r\n\t\t\t\t\t\t\t<\/div>\r\n\t\t\t\t\t\t\t<div class=\"premium-button-style4-icon-wrapper bottom\">\r\n\t\t\t\t\t\t\t\t\t\t\t\t\t\t\t\t\t\t<i class=\"fa fa-car\" aria-hidden=\"true\"><\/i>\r\n\t\t\t\t\t\t\t\t\t\t\t\t\t\t\t<\/div>\r\n\t\t\t\t\t\t\t\t<\/a>\r\n\r\n\r\n\t\t\t\t<\/div>\n\t\t\t\t<\/div>\n\t\t\t\t\t\t<\/div>\n\t\t\t\t\t<\/div>\n\t\t<\/div>\n\t\t\t\t\t\t\t\t<\/div>\n\t\t\t\t\t<\/div>\n\t\t<\/section>\n\t\t\t\t<section class=\"elementor-section elementor-inner-section elementor-element elementor-element-5ec07202 elementor-section-boxed elementor-section-height-default elementor-section-height-default\" data-id=\"5ec07202\" data-element_type=\"section\">\n\t\t\t\t\t\t<div class=\"elementor-container elementor-column-gap-default\">\n\t\t\t\t\t\t\t<div class=\"elementor-row\">\n\t\t\t\t\t<div class=\"elementor-column elementor-col-100 elementor-inner-column elementor-element elementor-element-1ae7f46\" data-id=\"1ae7f46\" data-element_type=\"column\">\n\t\t\t<div class=\"elementor-column-wrap elementor-element-populated\">\n\t\t\t\t\t\t\t<div class=\"elementor-widget-wrap\">\n\t\t\t\t\t\t<div class=\"elementor-element elementor-element-49acc525 elementor-widget elementor-widget-premium-addon-title\" data-id=\"49acc525\" data-element_type=\"widget\" data-widget_type=\"premium-addon-title.default\">\n\t\t\t\t<div class=\"elementor-widget-container\">\n\t\t\t\r\n\t<div class=\"premium-title-container style7\">\r\n\t\t<h3 class=\"premium-title-header premium-title-style7\">\r\n\t\t\t\t\t\t\t\t\t\t\t\t<span class=\"premium-title-style7-stripe-wrap\">\r\n\t\t\t\t\t\t<span class=\"premium-title-style7-stripe\"><\/span>\r\n\t\t\t\t\t<\/span>\r\n\t\t\t\t\t\t\t\t<div class=\"premium-title-style7-inner\">\r\n\t\t\t\r\n\t\t\t\r\n\t\t\t\t\t\t\t\t\t\t\t\t\t\t\t\t<span class=\"premium-title-text\" >\r\n\t\t\t\tEmballez l'Essentiel\t\t\t<\/span>\r\n\t\t\t\t\r\n\t\t\t\t\t\t\t<\/div>\r\n\t\t\t\t\t\t\t\t<\/h3>\r\n\t<\/div>\r\n\r\n\t\t\t\t<\/div>\n\t\t\t\t<\/div>\n\t\t\t\t<div class=\"elementor-element elementor-element-7f20d82e elementor-widget elementor-widget-text-editor\" data-id=\"7f20d82e\" data-element_type=\"widget\" data-widget_type=\"text-editor.default\">\n\t\t\t\t<div class=\"elementor-widget-container\">\n\t\t\t\t\t\t\t\t<div class=\"elementor-text-editor elementor-clearfix\">\n\t\t\t\t<p>\u00c0 Cuba, il n\u2019est pas n\u00e9cessaire de se rendre loin de La Havane pour \u00eatre \u00e0 l\u2019\u00e9tat sauvage ou profiter d\u2019une plage solitaire aux eaux turquoises. Soyez donc prudent avant de quitter la civilisation. Voici quelques suggestions et ce que vous ne pouvez pas oublier d\u2019emballer.<\/p>\t\t\t\t\t<\/div>\n\t\t\t\t\t\t<\/div>\n\t\t\t\t<\/div>\n\t\t\t\t\t\t<\/div>\n\t\t\t\t\t<\/div>\n\t\t<\/div>\n\t\t\t\t\t\t\t\t<\/div>\n\t\t\t\t\t<\/div>\n\t\t<\/section>\n\t\t\t\t<section class=\"elementor-section elementor-inner-section elementor-element elementor-element-ea99358 elementor-section-boxed elementor-section-height-default elementor-section-height-default\" data-id=\"ea99358\" data-element_type=\"section\">\n\t\t\t\t\t\t<div class=\"elementor-container elementor-column-gap-default\">\n\t\t\t\t\t\t\t<div class=\"elementor-row\">\n\t\t\t\t\t<div class=\"elementor-column elementor-col-50 elementor-inner-column elementor-element elementor-element-d871127\" data-id=\"d871127\" data-element_type=\"column\">\n\t\t\t<div class=\"elementor-column-wrap elementor-element-populated\">\n\t\t\t\t\t\t\t<div class=\"elementor-widget-wrap\">\n\t\t\t\t\t\t<div class=\"elementor-element elementor-element-dad6883 elementor-widget elementor-widget-premium-addon-preview-image\" data-id=\"dad6883\" data-element_type=\"widget\" data-widget_type=\"premium-addon-preview-image.default\">\n\t\t\t\t<div class=\"elementor-widget-container\">\n\t\t\t\r\n\t<div id=\"premium-preview-image-main-dad6883\" class=\"premium-preview-image-wrap\" data-settings=\"{&quot;anim&quot;:&quot;fade&quot;,&quot;animDur&quot;:350,&quot;delay&quot;:10,&quot;arrow&quot;:false,&quot;active&quot;:false,&quot;responsive&quot;:false,&quot;distance&quot;:-1,&quot;minWidth&quot;:0,&quot;maxWidth&quot;:&quot;null&quot;,&quot;minWidthTabs&quot;:0,&quot;maxWidthTabs&quot;:&quot;null&quot;,&quot;minWidthMobs&quot;:0,&quot;maxWidthMobs&quot;:&quot;null&quot;,&quot;side&quot;:[&quot;right&quot;,&quot;left&quot;],&quot;container&quot;:{&quot;background&quot;:&quot;&quot;},&quot;hideMobiles&quot;:false,&quot;id&quot;:&quot;dad6883&quot;,&quot;type&quot;:&quot;custom&quot;}\">\r\n\t\t<div class=\"premium-preview-image-trig-img-wrap\">\r\n\t\t\t<div class=\"premium-preview-image-inner-trig-img\" data-tooltip-content=\"#tooltip_content\">\r\n\t\t\t\t\t\t\t\t\t\r\n\t\t<div id=\"premium-preview-image-main-dad6883\" class=\"premium-preview-image-wrap premium-preview-image-figure\" data-settings=\"{&quot;anim&quot;:&quot;fade&quot;,&quot;animDur&quot;:350,&quot;delay&quot;:10,&quot;arrow&quot;:false,&quot;active&quot;:false,&quot;responsive&quot;:false,&quot;distance&quot;:-1,&quot;minWidth&quot;:0,&quot;maxWidth&quot;:&quot;null&quot;,&quot;minWidthTabs&quot;:0,&quot;maxWidthTabs&quot;:&quot;null&quot;,&quot;minWidthMobs&quot;:0,&quot;maxWidthMobs&quot;:&quot;null&quot;,&quot;side&quot;:[&quot;right&quot;,&quot;left&quot;],&quot;container&quot;:{&quot;background&quot;:&quot;&quot;},&quot;hideMobiles&quot;:false,&quot;id&quot;:&quot;dad6883&quot;,&quot;type&quot;:&quot;custom&quot;}\">\r\n\t\t\t\r\n\t\t\t\t<img decoding=\"async\" class=\"premium-preview-image-trigger\" alt=\"adaptateur d&#039;\u00e9lectricit\u00e9\" src=\"https:\/\/i0.wp.com\/www.tropicalcubanholiday.com\/wp-content\/uploads\/2019\/06\/adaptor-1.png?fit=24%2C24&amp;ssl=1\">\r\n\t\t\t\t\r\n\t\t\t\t\t\t\t\t\t\t<figcaption class=\"premium-preview-image-figcap\">\r\n\t\t\t\t\tAdaptateur d'\u00e9lectricit\u00e9\t\t\t\t<\/figcaption>\r\n\t\t\t\t\t\t<\/div>\r\n\r\n\t\t\t\t\t\t\r\n\t\t\t\t<div id=\"tooltip_content\" class=\"premium-prev-img-tooltip-wrap premium-prev-img-tooltip-wrap-dad6883\">\r\n\t\t\t\t\t\t\t\t\t\t\t\r\n\t\t\t\t\t\t\r\n\t\t\t\t\t\t\t\t\t\t\t\t\t<div class=\"premium-prev-img-tooltip-desc-wrap-dad6883 premium-prev-img-tooltip-desc-wrap\">\r\n\t\t\t\t\t\t\t\t<p>\u00a0Syst\u00e8mes \u00e9lectriques de Cuba fonctionnant \u00e0 110 volts et 220 volts en standard.\u00a0<\/p>\t\t\t\t\t\t\t<\/div>\r\n\t\t\t\t\t\t\t\t\t\t\t\t\t\t\t\t<\/div>\r\n\t\t\t<\/div>\r\n\t\t<\/div>\r\n\t<\/div>\r\n\r\n\t\t\t\t<\/div>\n\t\t\t\t<\/div>\n\t\t\t\t<div class=\"elementor-element elementor-element-fcadff4 elementor-widget elementor-widget-premium-addon-preview-image\" data-id=\"fcadff4\" data-element_type=\"widget\" data-widget_type=\"premium-addon-preview-image.default\">\n\t\t\t\t<div class=\"elementor-widget-container\">\n\t\t\t\r\n\t<div id=\"premium-preview-image-main-fcadff4\" class=\"premium-preview-image-wrap\" data-settings=\"{&quot;anim&quot;:&quot;fade&quot;,&quot;animDur&quot;:350,&quot;delay&quot;:10,&quot;arrow&quot;:false,&quot;active&quot;:false,&quot;responsive&quot;:false,&quot;distance&quot;:-1,&quot;minWidth&quot;:0,&quot;maxWidth&quot;:&quot;null&quot;,&quot;minWidthTabs&quot;:0,&quot;maxWidthTabs&quot;:&quot;null&quot;,&quot;minWidthMobs&quot;:0,&quot;maxWidthMobs&quot;:&quot;null&quot;,&quot;side&quot;:[&quot;right&quot;,&quot;left&quot;],&quot;container&quot;:{&quot;background&quot;:&quot;&quot;},&quot;hideMobiles&quot;:false,&quot;id&quot;:&quot;fcadff4&quot;,&quot;type&quot;:&quot;custom&quot;}\">\r\n\t\t<div class=\"premium-preview-image-trig-img-wrap\">\r\n\t\t\t<div class=\"premium-preview-image-inner-trig-img\" data-tooltip-content=\"#tooltip_content\">\r\n\t\t\t\t\t\t\t\t\t\r\n\t\t<div id=\"premium-preview-image-main-fcadff4\" class=\"premium-preview-image-wrap premium-preview-image-figure\" data-settings=\"{&quot;anim&quot;:&quot;fade&quot;,&quot;animDur&quot;:350,&quot;delay&quot;:10,&quot;arrow&quot;:false,&quot;active&quot;:false,&quot;responsive&quot;:false,&quot;distance&quot;:-1,&quot;minWidth&quot;:0,&quot;maxWidth&quot;:&quot;null&quot;,&quot;minWidthTabs&quot;:0,&quot;maxWidthTabs&quot;:&quot;null&quot;,&quot;minWidthMobs&quot;:0,&quot;maxWidthMobs&quot;:&quot;null&quot;,&quot;side&quot;:[&quot;right&quot;,&quot;left&quot;],&quot;container&quot;:{&quot;background&quot;:&quot;&quot;},&quot;hideMobiles&quot;:false,&quot;id&quot;:&quot;fcadff4&quot;,&quot;type&quot;:&quot;custom&quot;}\">\r\n\t\t\t\r\n\t\t\t\t<img decoding=\"async\" class=\"premium-preview-image-trigger\" alt=\"carte de Cuba\" src=\"https:\/\/i0.wp.com\/www.tropicalcubanholiday.com\/wp-content\/uploads\/2019\/06\/map.png?fit=24%2C24&amp;ssl=1\">\r\n\t\t\t\t\r\n\t\t\t\t\t\t\t\t\t\t<figcaption class=\"premium-preview-image-figcap\">\r\n\t\t\t\t\tCarte de Cuba\t\t\t\t<\/figcaption>\r\n\t\t\t\t\t\t<\/div>\r\n\r\n\t\t\t\t\t\t\r\n\t\t\t\t<div id=\"tooltip_content\" class=\"premium-prev-img-tooltip-wrap premium-prev-img-tooltip-wrap-fcadff4\">\r\n\t\t\t\t\t\t\t\t\t\t\t\r\n\t\t\t\t\t\t\r\n\t\t\t\t\t\t\t\t\t\t\t\t\t<div class=\"premium-prev-img-tooltip-desc-wrap-fcadff4 premium-prev-img-tooltip-desc-wrap\">\r\n\t\t\t\t\t\t\t\t<p>\u00a0L&rsquo;acc\u00e8s \u00e0 Internet peut \u00eatre difficile selon les r\u00e9gions. C&rsquo;est pourquoi nous vous conseillons de prendre votre propre carte. Cela vous sortira des ennuis.\u00a0<\/p>\t\t\t\t\t\t\t<\/div>\r\n\t\t\t\t\t\t\t\t\t\t\t\t\t\t\t\t<\/div>\r\n\t\t\t<\/div>\r\n\t\t<\/div>\r\n\t<\/div>\r\n\r\n\t\t\t\t<\/div>\n\t\t\t\t<\/div>\n\t\t\t\t<div class=\"elementor-element elementor-element-9ac1d14 elementor-widget elementor-widget-premium-addon-preview-image\" data-id=\"9ac1d14\" data-element_type=\"widget\" data-widget_type=\"premium-addon-preview-image.default\">\n\t\t\t\t<div class=\"elementor-widget-container\">\n\t\t\t\r\n\t<div id=\"premium-preview-image-main-9ac1d14\" class=\"premium-preview-image-wrap\" data-settings=\"{&quot;anim&quot;:&quot;fade&quot;,&quot;animDur&quot;:350,&quot;delay&quot;:10,&quot;arrow&quot;:false,&quot;active&quot;:false,&quot;responsive&quot;:false,&quot;distance&quot;:-1,&quot;minWidth&quot;:0,&quot;maxWidth&quot;:&quot;null&quot;,&quot;minWidthTabs&quot;:0,&quot;maxWidthTabs&quot;:&quot;null&quot;,&quot;minWidthMobs&quot;:0,&quot;maxWidthMobs&quot;:&quot;null&quot;,&quot;side&quot;:[&quot;right&quot;,&quot;left&quot;],&quot;container&quot;:{&quot;background&quot;:&quot;&quot;},&quot;hideMobiles&quot;:false,&quot;id&quot;:&quot;9ac1d14&quot;,&quot;type&quot;:&quot;custom&quot;}\">\r\n\t\t<div class=\"premium-preview-image-trig-img-wrap\">\r\n\t\t\t<div class=\"premium-preview-image-inner-trig-img\" data-tooltip-content=\"#tooltip_content\">\r\n\t\t\t\t\t\t\t\t\t\r\n\t\t<div id=\"premium-preview-image-main-9ac1d14\" class=\"premium-preview-image-wrap premium-preview-image-figure\" data-settings=\"{&quot;anim&quot;:&quot;fade&quot;,&quot;animDur&quot;:350,&quot;delay&quot;:10,&quot;arrow&quot;:false,&quot;active&quot;:false,&quot;responsive&quot;:false,&quot;distance&quot;:-1,&quot;minWidth&quot;:0,&quot;maxWidth&quot;:&quot;null&quot;,&quot;minWidthTabs&quot;:0,&quot;maxWidthTabs&quot;:&quot;null&quot;,&quot;minWidthMobs&quot;:0,&quot;maxWidthMobs&quot;:&quot;null&quot;,&quot;side&quot;:[&quot;right&quot;,&quot;left&quot;],&quot;container&quot;:{&quot;background&quot;:&quot;&quot;},&quot;hideMobiles&quot;:false,&quot;id&quot;:&quot;9ac1d14&quot;,&quot;type&quot;:&quot;custom&quot;}\">\r\n\t\t\t\r\n\t\t\t\t<img decoding=\"async\" class=\"premium-preview-image-trigger\" alt=\"boire de l&#039;eau\" src=\"https:\/\/i0.wp.com\/www.tropicalcubanholiday.com\/wp-content\/uploads\/2019\/06\/water-bottle.png?fit=24%2C24&amp;ssl=1\">\r\n\t\t\t\t\r\n\t\t\t\t\t\t\t\t\t\t<figcaption class=\"premium-preview-image-figcap\">\r\n\t\t\t\t\tBoire de l'eau\t\t\t\t<\/figcaption>\r\n\t\t\t\t\t\t<\/div>\r\n\r\n\t\t\t\t\t\t\r\n\t\t\t\t<div id=\"tooltip_content\" class=\"premium-prev-img-tooltip-wrap premium-prev-img-tooltip-wrap-9ac1d14\">\r\n\t\t\t\t\t\t\t\t\t\t\t\r\n\t\t\t\t\t\t\r\n\t\t\t\t\t\t\t\t\t\t\t\t\t<div class=\"premium-prev-img-tooltip-desc-wrap-9ac1d14 premium-prev-img-tooltip-desc-wrap\">\r\n\t\t\t\t\t\t\t\t<p>\u00a0Assurez-vous d&rsquo;acheter suffisamment d&rsquo;eau potable en fonction de votre visite.\u00a0<\/p>\t\t\t\t\t\t\t<\/div>\r\n\t\t\t\t\t\t\t\t\t\t\t\t\t\t\t\t<\/div>\r\n\t\t\t<\/div>\r\n\t\t<\/div>\r\n\t<\/div>\r\n\r\n\t\t\t\t<\/div>\n\t\t\t\t<\/div>\n\t\t\t\t<div class=\"elementor-element elementor-element-a5dccc3 elementor-widget elementor-widget-premium-addon-preview-image\" data-id=\"a5dccc3\" data-element_type=\"widget\" data-widget_type=\"premium-addon-preview-image.default\">\n\t\t\t\t<div class=\"elementor-widget-container\">\n\t\t\t\r\n\t<div id=\"premium-preview-image-main-a5dccc3\" class=\"premium-preview-image-wrap\" data-settings=\"{&quot;anim&quot;:&quot;fade&quot;,&quot;animDur&quot;:350,&quot;delay&quot;:10,&quot;arrow&quot;:false,&quot;active&quot;:false,&quot;responsive&quot;:false,&quot;distance&quot;:-1,&quot;minWidth&quot;:0,&quot;maxWidth&quot;:&quot;null&quot;,&quot;minWidthTabs&quot;:0,&quot;maxWidthTabs&quot;:&quot;null&quot;,&quot;minWidthMobs&quot;:0,&quot;maxWidthMobs&quot;:&quot;null&quot;,&quot;side&quot;:[&quot;right&quot;,&quot;left&quot;],&quot;container&quot;:{&quot;background&quot;:&quot;&quot;},&quot;hideMobiles&quot;:false,&quot;id&quot;:&quot;a5dccc3&quot;,&quot;type&quot;:&quot;custom&quot;}\">\r\n\t\t<div class=\"premium-preview-image-trig-img-wrap\">\r\n\t\t\t<div class=\"premium-preview-image-inner-trig-img\" data-tooltip-content=\"#tooltip_content\">\r\n\t\t\t\t\t\t\t\t\t\r\n\t\t<div id=\"premium-preview-image-main-a5dccc3\" class=\"premium-preview-image-wrap premium-preview-image-figure\" data-settings=\"{&quot;anim&quot;:&quot;fade&quot;,&quot;animDur&quot;:350,&quot;delay&quot;:10,&quot;arrow&quot;:false,&quot;active&quot;:false,&quot;responsive&quot;:false,&quot;distance&quot;:-1,&quot;minWidth&quot;:0,&quot;maxWidth&quot;:&quot;null&quot;,&quot;minWidthTabs&quot;:0,&quot;maxWidthTabs&quot;:&quot;null&quot;,&quot;minWidthMobs&quot;:0,&quot;maxWidthMobs&quot;:&quot;null&quot;,&quot;side&quot;:[&quot;right&quot;,&quot;left&quot;],&quot;container&quot;:{&quot;background&quot;:&quot;&quot;},&quot;hideMobiles&quot;:false,&quot;id&quot;:&quot;a5dccc3&quot;,&quot;type&quot;:&quot;custom&quot;}\">\r\n\t\t\t\r\n\t\t\t\t<img decoding=\"async\" class=\"premium-preview-image-trigger\" alt=\"lanterne\" src=\"https:\/\/i0.wp.com\/www.tropicalcubanholiday.com\/wp-content\/uploads\/2019\/06\/flashlight.png?fit=24%2C24&amp;ssl=1\">\r\n\t\t\t\t\r\n\t\t\t\t\t\t\t\t\t\t<figcaption class=\"premium-preview-image-figcap\">\r\n\t\t\t\t\tlanterne\t\t\t\t<\/figcaption>\r\n\t\t\t\t\t\t<\/div>\r\n\r\n\t\t\t\t\t\t\r\n\t\t\t\t<div id=\"tooltip_content\" class=\"premium-prev-img-tooltip-wrap premium-prev-img-tooltip-wrap-a5dccc3\">\r\n\t\t\t\t\t\t\t\t\t\t\t\r\n\t\t\t\t\t\t\r\n\t\t\t\t\t\t\t\t\t\t\t\t\t<div class=\"premium-prev-img-tooltip-desc-wrap-a5dccc3 premium-prev-img-tooltip-desc-wrap\">\r\n\t\t\t\t\t\t\t\t<p>\u00a0Une des meilleures actions que vous pouvez prendre pour la randonn\u00e9e, pour contr\u00f4ler le v\u00e9hicule ou pour marcher la nuit.\u00a0<\/p>\t\t\t\t\t\t\t<\/div>\r\n\t\t\t\t\t\t\t\t\t\t\t\t\t\t\t\t<\/div>\r\n\t\t\t<\/div>\r\n\t\t<\/div>\r\n\t<\/div>\r\n\r\n\t\t\t\t<\/div>\n\t\t\t\t<\/div>\n\t\t\t\t<div class=\"elementor-element elementor-element-7854489 elementor-widget elementor-widget-premium-addon-preview-image\" data-id=\"7854489\" data-element_type=\"widget\" data-widget_type=\"premium-addon-preview-image.default\">\n\t\t\t\t<div class=\"elementor-widget-container\">\n\t\t\t\r\n\t<div id=\"premium-preview-image-main-7854489\" class=\"premium-preview-image-wrap\" data-settings=\"{&quot;anim&quot;:&quot;fade&quot;,&quot;animDur&quot;:350,&quot;delay&quot;:10,&quot;arrow&quot;:false,&quot;active&quot;:false,&quot;responsive&quot;:false,&quot;distance&quot;:-1,&quot;minWidth&quot;:0,&quot;maxWidth&quot;:&quot;null&quot;,&quot;minWidthTabs&quot;:0,&quot;maxWidthTabs&quot;:&quot;null&quot;,&quot;minWidthMobs&quot;:0,&quot;maxWidthMobs&quot;:&quot;null&quot;,&quot;side&quot;:[&quot;right&quot;,&quot;left&quot;],&quot;container&quot;:{&quot;background&quot;:&quot;&quot;},&quot;hideMobiles&quot;:false,&quot;id&quot;:&quot;7854489&quot;,&quot;type&quot;:&quot;custom&quot;}\">\r\n\t\t<div class=\"premium-preview-image-trig-img-wrap\">\r\n\t\t\t<div class=\"premium-preview-image-inner-trig-img\" data-tooltip-content=\"#tooltip_content\">\r\n\t\t\t\t\t\t\t\t\t\r\n\t\t<div id=\"premium-preview-image-main-7854489\" class=\"premium-preview-image-wrap premium-preview-image-figure\" data-settings=\"{&quot;anim&quot;:&quot;fade&quot;,&quot;animDur&quot;:350,&quot;delay&quot;:10,&quot;arrow&quot;:false,&quot;active&quot;:false,&quot;responsive&quot;:false,&quot;distance&quot;:-1,&quot;minWidth&quot;:0,&quot;maxWidth&quot;:&quot;null&quot;,&quot;minWidthTabs&quot;:0,&quot;maxWidthTabs&quot;:&quot;null&quot;,&quot;minWidthMobs&quot;:0,&quot;maxWidthMobs&quot;:&quot;null&quot;,&quot;side&quot;:[&quot;right&quot;,&quot;left&quot;],&quot;container&quot;:{&quot;background&quot;:&quot;&quot;},&quot;hideMobiles&quot;:false,&quot;id&quot;:&quot;7854489&quot;,&quot;type&quot;:&quot;custom&quot;}\">\r\n\t\t\t\r\n\t\t\t\t<img decoding=\"async\" class=\"premium-preview-image-trigger\" alt=\"bottes de randonn\u00e9e\" src=\"https:\/\/i0.wp.com\/www.tropicalcubanholiday.com\/wp-content\/uploads\/2019\/06\/boots.png?fit=24%2C24&amp;ssl=1\">\r\n\t\t\t\t\r\n\t\t\t\t\t\t\t\t\t\t<figcaption class=\"premium-preview-image-figcap\">\r\n\t\t\t\t\tBottes de randonn\u00e9e\t\t\t\t<\/figcaption>\r\n\t\t\t\t\t\t<\/div>\r\n\r\n\t\t\t\t\t\t\r\n\t\t\t\t<div id=\"tooltip_content\" class=\"premium-prev-img-tooltip-wrap premium-prev-img-tooltip-wrap-7854489\">\r\n\t\t\t\t\t\t\t\t\t\t\t\r\n\t\t\t\t\t\t\r\n\t\t\t\t\t\t\t\t\t\t\t\t\t<div class=\"premium-prev-img-tooltip-desc-wrap-7854489 premium-prev-img-tooltip-desc-wrap\">\r\n\t\t\t\t\t\t\t\t<p>\u00a0Ceux-ci peuvent \u00eatre pratiques et utiliser dans n&rsquo;importe quelle situation pendant votre visite, m\u00eame pour la randonn\u00e9e et l&rsquo;exploration.\u00a0<\/p>\t\t\t\t\t\t\t<\/div>\r\n\t\t\t\t\t\t\t\t\t\t\t\t\t\t\t\t<\/div>\r\n\t\t\t<\/div>\r\n\t\t<\/div>\r\n\t<\/div>\r\n\r\n\t\t\t\t<\/div>\n\t\t\t\t<\/div>\n\t\t\t\t<div class=\"elementor-element elementor-element-2052af0 elementor-widget elementor-widget-premium-addon-preview-image\" data-id=\"2052af0\" data-element_type=\"widget\" data-widget_type=\"premium-addon-preview-image.default\">\n\t\t\t\t<div class=\"elementor-widget-container\">\n\t\t\t\r\n\t<div id=\"premium-preview-image-main-2052af0\" class=\"premium-preview-image-wrap\" data-settings=\"{&quot;anim&quot;:&quot;fade&quot;,&quot;animDur&quot;:350,&quot;delay&quot;:10,&quot;arrow&quot;:false,&quot;active&quot;:false,&quot;responsive&quot;:false,&quot;distance&quot;:-1,&quot;minWidth&quot;:0,&quot;maxWidth&quot;:&quot;null&quot;,&quot;minWidthTabs&quot;:0,&quot;maxWidthTabs&quot;:&quot;null&quot;,&quot;minWidthMobs&quot;:0,&quot;maxWidthMobs&quot;:&quot;null&quot;,&quot;side&quot;:[&quot;right&quot;,&quot;left&quot;],&quot;container&quot;:{&quot;background&quot;:&quot;&quot;},&quot;hideMobiles&quot;:false,&quot;id&quot;:&quot;2052af0&quot;,&quot;type&quot;:&quot;custom&quot;}\">\r\n\t\t<div class=\"premium-preview-image-trig-img-wrap\">\r\n\t\t\t<div class=\"premium-preview-image-inner-trig-img\" data-tooltip-content=\"#tooltip_content\">\r\n\t\t\t\t\t\t\t\t\t\r\n\t\t<div id=\"premium-preview-image-main-2052af0\" class=\"premium-preview-image-wrap premium-preview-image-figure\" data-settings=\"{&quot;anim&quot;:&quot;fade&quot;,&quot;animDur&quot;:350,&quot;delay&quot;:10,&quot;arrow&quot;:false,&quot;active&quot;:false,&quot;responsive&quot;:false,&quot;distance&quot;:-1,&quot;minWidth&quot;:0,&quot;maxWidth&quot;:&quot;null&quot;,&quot;minWidthTabs&quot;:0,&quot;maxWidthTabs&quot;:&quot;null&quot;,&quot;minWidthMobs&quot;:0,&quot;maxWidthMobs&quot;:&quot;null&quot;,&quot;side&quot;:[&quot;right&quot;,&quot;left&quot;],&quot;container&quot;:{&quot;background&quot;:&quot;&quot;},&quot;hideMobiles&quot;:false,&quot;id&quot;:&quot;2052af0&quot;,&quot;type&quot;:&quot;custom&quot;}\">\r\n\t\t\t\r\n\t\t\t\t<img decoding=\"async\" class=\"premium-preview-image-trigger\" alt=\"sandwich\" src=\"https:\/\/i0.wp.com\/www.tropicalcubanholiday.com\/wp-content\/uploads\/2019\/06\/sandwiches.png?fit=24%2C24&amp;ssl=1\">\r\n\t\t\t\t\r\n\t\t\t\t\t\t\t\t\t\t<figcaption class=\"premium-preview-image-figcap\">\r\n\t\t\t\t\tCollations suppl\u00e9mentaires\t\t\t\t<\/figcaption>\r\n\t\t\t\t\t\t<\/div>\r\n\r\n\t\t\t\t\t\t\r\n\t\t\t\t<div id=\"tooltip_content\" class=\"premium-prev-img-tooltip-wrap premium-prev-img-tooltip-wrap-2052af0\">\r\n\t\t\t\t\t\t\t\t\t\t\t\r\n\t\t\t\t\t\t\r\n\t\t\t\t\t\t\t\t\t\t\t\t\t<div class=\"premium-prev-img-tooltip-desc-wrap-2052af0 premium-prev-img-tooltip-desc-wrap\">\r\n\t\t\t\t\t\t\t\t<p>\u00a0Conservez de la nourriture avant d&rsquo;\u00eatre au milieu de nulle part.\u00a0<\/p>\t\t\t\t\t\t\t<\/div>\r\n\t\t\t\t\t\t\t\t\t\t\t\t\t\t\t\t<\/div>\r\n\t\t\t<\/div>\r\n\t\t<\/div>\r\n\t<\/div>\r\n\r\n\t\t\t\t<\/div>\n\t\t\t\t<\/div>\n\t\t\t\t\t\t<\/div>\n\t\t\t\t\t<\/div>\n\t\t<\/div>\n\t\t\t\t<div class=\"elementor-column elementor-col-50 elementor-inner-column elementor-element elementor-element-b697810\" data-id=\"b697810\" data-element_type=\"column\">\n\t\t\t<div class=\"elementor-column-wrap elementor-element-populated\">\n\t\t\t\t\t\t\t<div class=\"elementor-widget-wrap\">\n\t\t\t\t\t\t<div class=\"elementor-element elementor-element-4078b0e elementor-widget elementor-widget-premium-addon-preview-image\" data-id=\"4078b0e\" data-element_type=\"widget\" data-widget_type=\"premium-addon-preview-image.default\">\n\t\t\t\t<div class=\"elementor-widget-container\">\n\t\t\t\r\n\t<div id=\"premium-preview-image-main-4078b0e\" class=\"premium-preview-image-wrap\" data-settings=\"{&quot;anim&quot;:&quot;fade&quot;,&quot;animDur&quot;:350,&quot;delay&quot;:10,&quot;arrow&quot;:false,&quot;active&quot;:false,&quot;responsive&quot;:false,&quot;distance&quot;:-1,&quot;minWidth&quot;:0,&quot;maxWidth&quot;:&quot;null&quot;,&quot;minWidthTabs&quot;:0,&quot;maxWidthTabs&quot;:&quot;null&quot;,&quot;minWidthMobs&quot;:0,&quot;maxWidthMobs&quot;:&quot;null&quot;,&quot;side&quot;:[&quot;right&quot;,&quot;left&quot;],&quot;container&quot;:{&quot;background&quot;:&quot;&quot;},&quot;hideMobiles&quot;:false,&quot;id&quot;:&quot;4078b0e&quot;,&quot;type&quot;:&quot;custom&quot;}\">\r\n\t\t<div class=\"premium-preview-image-trig-img-wrap\">\r\n\t\t\t<div class=\"premium-preview-image-inner-trig-img\" data-tooltip-content=\"#tooltip_content\">\r\n\t\t\t\t\t\t\t\t\t\r\n\t\t<div id=\"premium-preview-image-main-4078b0e\" class=\"premium-preview-image-wrap premium-preview-image-figure\" data-settings=\"{&quot;anim&quot;:&quot;fade&quot;,&quot;animDur&quot;:350,&quot;delay&quot;:10,&quot;arrow&quot;:false,&quot;active&quot;:false,&quot;responsive&quot;:false,&quot;distance&quot;:-1,&quot;minWidth&quot;:0,&quot;maxWidth&quot;:&quot;null&quot;,&quot;minWidthTabs&quot;:0,&quot;maxWidthTabs&quot;:&quot;null&quot;,&quot;minWidthMobs&quot;:0,&quot;maxWidthMobs&quot;:&quot;null&quot;,&quot;side&quot;:[&quot;right&quot;,&quot;left&quot;],&quot;container&quot;:{&quot;background&quot;:&quot;&quot;},&quot;hideMobiles&quot;:false,&quot;id&quot;:&quot;4078b0e&quot;,&quot;type&quot;:&quot;custom&quot;}\">\r\n\t\t\t\r\n\t\t\t\t<img decoding=\"async\" class=\"premium-preview-image-trigger\" alt=\"Carburant diesel\" src=\"https:\/\/i0.wp.com\/www.tropicalcubanholiday.com\/wp-content\/uploads\/2019\/05\/car-oil.png?fit=24%2C24&amp;ssl=1\">\r\n\t\t\t\t\r\n\t\t\t\t\t\t\t\t\t\t<figcaption class=\"premium-preview-image-figcap\">\r\n\t\t\t\t\tCarburant suppl\u00e9mentaire\t\t\t\t<\/figcaption>\r\n\t\t\t\t\t\t<\/div>\r\n\r\n\t\t\t\t\t\t\r\n\t\t\t\t<div id=\"tooltip_content\" class=\"premium-prev-img-tooltip-wrap premium-prev-img-tooltip-wrap-4078b0e\">\r\n\t\t\t\t\t\t\t\t\t\t\t\r\n\t\t\t\t\t\t\r\n\t\t\t\t\t\t\t\t\t\t\t\t\t<div class=\"premium-prev-img-tooltip-desc-wrap-4078b0e premium-prev-img-tooltip-desc-wrap\">\r\n\t\t\t\t\t\t\t\t<p>\u00a0Remplissez toujours votre r\u00e9servoir \u00e0 chaque arr\u00eat ou achetez du carburant diesel suppl\u00e9mentaire.\u00a0<\/p>\t\t\t\t\t\t\t<\/div>\r\n\t\t\t\t\t\t\t\t\t\t\t\t\t\t\t\t<\/div>\r\n\t\t\t<\/div>\r\n\t\t<\/div>\r\n\t<\/div>\r\n\r\n\t\t\t\t<\/div>\n\t\t\t\t<\/div>\n\t\t\t\t<div class=\"elementor-element elementor-element-d81f4b6 elementor-widget elementor-widget-premium-addon-preview-image\" data-id=\"d81f4b6\" data-element_type=\"widget\" data-widget_type=\"premium-addon-preview-image.default\">\n\t\t\t\t<div class=\"elementor-widget-container\">\n\t\t\t\r\n\t<div id=\"premium-preview-image-main-d81f4b6\" class=\"premium-preview-image-wrap\" data-settings=\"{&quot;anim&quot;:&quot;fade&quot;,&quot;animDur&quot;:350,&quot;delay&quot;:10,&quot;arrow&quot;:false,&quot;active&quot;:false,&quot;responsive&quot;:false,&quot;distance&quot;:-1,&quot;minWidth&quot;:0,&quot;maxWidth&quot;:&quot;null&quot;,&quot;minWidthTabs&quot;:0,&quot;maxWidthTabs&quot;:&quot;null&quot;,&quot;minWidthMobs&quot;:0,&quot;maxWidthMobs&quot;:&quot;null&quot;,&quot;side&quot;:[&quot;right&quot;,&quot;left&quot;],&quot;container&quot;:{&quot;background&quot;:&quot;&quot;},&quot;hideMobiles&quot;:false,&quot;id&quot;:&quot;d81f4b6&quot;,&quot;type&quot;:&quot;custom&quot;}\">\r\n\t\t<div class=\"premium-preview-image-trig-img-wrap\">\r\n\t\t\t<div class=\"premium-preview-image-inner-trig-img\" data-tooltip-content=\"#tooltip_content\">\r\n\t\t\t\t\t\t\t\t\t<a class=\"premium-preview-img-link\" href=\"https:\/\/www.tropicalcubanholiday.com\/fr\/devises-cartes-de-credit\/\" target=\"_blank\">\r\n\t\t\t\t\t\t\t\t\t\r\n\t\t<div id=\"premium-preview-image-main-d81f4b6\" class=\"premium-preview-image-wrap premium-preview-image-figure\" data-settings=\"{&quot;anim&quot;:&quot;fade&quot;,&quot;animDur&quot;:350,&quot;delay&quot;:10,&quot;arrow&quot;:false,&quot;active&quot;:false,&quot;responsive&quot;:false,&quot;distance&quot;:-1,&quot;minWidth&quot;:0,&quot;maxWidth&quot;:&quot;null&quot;,&quot;minWidthTabs&quot;:0,&quot;maxWidthTabs&quot;:&quot;null&quot;,&quot;minWidthMobs&quot;:0,&quot;maxWidthMobs&quot;:&quot;null&quot;,&quot;side&quot;:[&quot;right&quot;,&quot;left&quot;],&quot;container&quot;:{&quot;background&quot;:&quot;&quot;},&quot;hideMobiles&quot;:false,&quot;id&quot;:&quot;d81f4b6&quot;,&quot;type&quot;:&quot;custom&quot;}\">\r\n\t\t\t\r\n\t\t\t\t<img decoding=\"async\" class=\"premium-preview-image-trigger\" alt=\"paiement en esp\u00e8ces\" src=\"https:\/\/i0.wp.com\/www.tropicalcubanholiday.com\/wp-content\/uploads\/2019\/06\/payment-method.png?fit=24%2C24&amp;ssl=1\">\r\n\t\t\t\t\r\n\t\t\t\t\t\t\t\t\t\t<figcaption class=\"premium-preview-image-figcap\">\r\n\t\t\t\t\tAssez d'argent  en CUC &amp; CUP\t\t\t\t<\/figcaption>\r\n\t\t\t\t\t\t<\/div>\r\n\r\n\t\t\t\t\t\t\t\t\t\t\t<\/a>\r\n\t\t\t\t\r\n\t\t\t\t<div id=\"tooltip_content\" class=\"premium-prev-img-tooltip-wrap premium-prev-img-tooltip-wrap-d81f4b6\">\r\n\t\t\t\t\t\t\t\t\t\t\t\r\n\t\t\t\t\t\t\r\n\t\t\t\t\t\t\t\t\t\t\t\t\t<div class=\"premium-prev-img-tooltip-desc-wrap-d81f4b6 premium-prev-img-tooltip-desc-wrap\">\r\n\t\t\t\t\t\t\t\t<p>\u00a0Avoir suffisamment d\u2019argent dans les deux monnaies, en particulier la devise CUC. Cliquez pour plus de d\u00e9tails.\u00a0<\/p>\t\t\t\t\t\t\t<\/div>\r\n\t\t\t\t\t\t\t\t\t\t\t\t\t\t\t\t<\/div>\r\n\t\t\t<\/div>\r\n\t\t<\/div>\r\n\t<\/div>\r\n\r\n\t\t\t\t<\/div>\n\t\t\t\t<\/div>\n\t\t\t\t<div class=\"elementor-element elementor-element-c49359b elementor-widget elementor-widget-premium-addon-preview-image\" data-id=\"c49359b\" data-element_type=\"widget\" data-widget_type=\"premium-addon-preview-image.default\">\n\t\t\t\t<div class=\"elementor-widget-container\">\n\t\t\t\r\n\t<div id=\"premium-preview-image-main-c49359b\" class=\"premium-preview-image-wrap\" data-settings=\"{&quot;anim&quot;:&quot;fade&quot;,&quot;animDur&quot;:350,&quot;delay&quot;:10,&quot;arrow&quot;:false,&quot;active&quot;:false,&quot;responsive&quot;:false,&quot;distance&quot;:-1,&quot;minWidth&quot;:0,&quot;maxWidth&quot;:&quot;null&quot;,&quot;minWidthTabs&quot;:0,&quot;maxWidthTabs&quot;:&quot;null&quot;,&quot;minWidthMobs&quot;:0,&quot;maxWidthMobs&quot;:&quot;null&quot;,&quot;side&quot;:[&quot;right&quot;,&quot;left&quot;],&quot;container&quot;:{&quot;background&quot;:&quot;&quot;},&quot;hideMobiles&quot;:false,&quot;id&quot;:&quot;c49359b&quot;,&quot;type&quot;:&quot;custom&quot;}\">\r\n\t\t<div class=\"premium-preview-image-trig-img-wrap\">\r\n\t\t\t<div class=\"premium-preview-image-inner-trig-img\" data-tooltip-content=\"#tooltip_content\">\r\n\t\t\t\t\t\t\t\t\t\r\n\t\t<div id=\"premium-preview-image-main-c49359b\" class=\"premium-preview-image-wrap premium-preview-image-figure\" data-settings=\"{&quot;anim&quot;:&quot;fade&quot;,&quot;animDur&quot;:350,&quot;delay&quot;:10,&quot;arrow&quot;:false,&quot;active&quot;:false,&quot;responsive&quot;:false,&quot;distance&quot;:-1,&quot;minWidth&quot;:0,&quot;maxWidth&quot;:&quot;null&quot;,&quot;minWidthTabs&quot;:0,&quot;maxWidthTabs&quot;:&quot;null&quot;,&quot;minWidthMobs&quot;:0,&quot;maxWidthMobs&quot;:&quot;null&quot;,&quot;side&quot;:[&quot;right&quot;,&quot;left&quot;],&quot;container&quot;:{&quot;background&quot;:&quot;&quot;},&quot;hideMobiles&quot;:false,&quot;id&quot;:&quot;c49359b&quot;,&quot;type&quot;:&quot;custom&quot;}\">\r\n\t\t\t\r\n\t\t\t\t<img decoding=\"async\" class=\"premium-preview-image-trigger\" alt=\"Trousse de premiers secours\" src=\"https:\/\/i0.wp.com\/www.tropicalcubanholiday.com\/wp-content\/uploads\/2019\/05\/medical-kit.png?fit=24%2C24&amp;ssl=1\">\r\n\t\t\t\t\r\n\t\t\t\t\t\t\t\t\t\t<figcaption class=\"premium-preview-image-figcap\">\r\n\t\t\t\t\tTrousse de premiers secours\t\t\t\t<\/figcaption>\r\n\t\t\t\t\t\t<\/div>\r\n\r\n\t\t\t\t\t\t\r\n\t\t\t\t<div id=\"tooltip_content\" class=\"premium-prev-img-tooltip-wrap premium-prev-img-tooltip-wrap-c49359b\">\r\n\t\t\t\t\t\t\t\t\t\t\t\r\n\t\t\t\t\t\t\r\n\t\t\t\t\t\t\t\t\t\t\t\t\t<div class=\"premium-prev-img-tooltip-desc-wrap-c49359b premium-prev-img-tooltip-desc-wrap\">\r\n\t\t\t\t\t\t\t\t<p>\u00a0Garder une trousse d&rsquo;urgence de voyage, c&rsquo;est toujours utile pour votre s\u00e9curit\u00e9 pendant votre voyage.\u00a0<\/p>\t\t\t\t\t\t\t<\/div>\r\n\t\t\t\t\t\t\t\t\t\t\t\t\t\t\t\t<\/div>\r\n\t\t\t<\/div>\r\n\t\t<\/div>\r\n\t<\/div>\r\n\r\n\t\t\t\t<\/div>\n\t\t\t\t<\/div>\n\t\t\t\t<div class=\"elementor-element elementor-element-197e36e elementor-widget elementor-widget-premium-addon-preview-image\" data-id=\"197e36e\" data-element_type=\"widget\" data-widget_type=\"premium-addon-preview-image.default\">\n\t\t\t\t<div class=\"elementor-widget-container\">\n\t\t\t\r\n\t<div id=\"premium-preview-image-main-197e36e\" class=\"premium-preview-image-wrap\" data-settings=\"{&quot;anim&quot;:&quot;fade&quot;,&quot;animDur&quot;:350,&quot;delay&quot;:10,&quot;arrow&quot;:false,&quot;active&quot;:false,&quot;responsive&quot;:false,&quot;distance&quot;:-1,&quot;minWidth&quot;:0,&quot;maxWidth&quot;:&quot;null&quot;,&quot;minWidthTabs&quot;:0,&quot;maxWidthTabs&quot;:&quot;null&quot;,&quot;minWidthMobs&quot;:0,&quot;maxWidthMobs&quot;:&quot;null&quot;,&quot;side&quot;:[&quot;right&quot;,&quot;left&quot;],&quot;container&quot;:{&quot;background&quot;:&quot;&quot;},&quot;hideMobiles&quot;:false,&quot;id&quot;:&quot;197e36e&quot;,&quot;type&quot;:&quot;custom&quot;}\">\r\n\t\t<div class=\"premium-preview-image-trig-img-wrap\">\r\n\t\t\t<div class=\"premium-preview-image-inner-trig-img\" data-tooltip-content=\"#tooltip_content\">\r\n\t\t\t\t\t\t\t\t\t\r\n\t\t<div id=\"premium-preview-image-main-197e36e\" class=\"premium-preview-image-wrap premium-preview-image-figure\" data-settings=\"{&quot;anim&quot;:&quot;fade&quot;,&quot;animDur&quot;:350,&quot;delay&quot;:10,&quot;arrow&quot;:false,&quot;active&quot;:false,&quot;responsive&quot;:false,&quot;distance&quot;:-1,&quot;minWidth&quot;:0,&quot;maxWidth&quot;:&quot;null&quot;,&quot;minWidthTabs&quot;:0,&quot;maxWidthTabs&quot;:&quot;null&quot;,&quot;minWidthMobs&quot;:0,&quot;maxWidthMobs&quot;:&quot;null&quot;,&quot;side&quot;:[&quot;right&quot;,&quot;left&quot;],&quot;container&quot;:{&quot;background&quot;:&quot;&quot;},&quot;hideMobiles&quot;:false,&quot;id&quot;:&quot;197e36e&quot;,&quot;type&quot;:&quot;custom&quot;}\">\r\n\t\t\t\r\n\t\t\t\t<img decoding=\"async\" class=\"premium-preview-image-trigger\" alt=\"insectifuge\" src=\"https:\/\/i0.wp.com\/www.tropicalcubanholiday.com\/wp-content\/uploads\/2019\/06\/bug-spray.png?fit=24%2C24&amp;ssl=1\">\r\n\t\t\t\t\r\n\t\t\t\t\t\t\t\t\t\t<figcaption class=\"premium-preview-image-figcap\">\r\n\t\t\t\t\tInsectifuge\t\t\t\t<\/figcaption>\r\n\t\t\t\t\t\t<\/div>\r\n\r\n\t\t\t\t\t\t\r\n\t\t\t\t<div id=\"tooltip_content\" class=\"premium-prev-img-tooltip-wrap premium-prev-img-tooltip-wrap-197e36e\">\r\n\t\t\t\t\t\t\t\t\t\t\t\r\n\t\t\t\t\t\t\r\n\t\t\t\t\t\t\t\t\t\t\t\t\t<div class=\"premium-prev-img-tooltip-desc-wrap-197e36e premium-prev-img-tooltip-desc-wrap\">\r\n\t\t\t\t\t\t\t\t<p>\u00a0Emportez votre insectifuge pour \u00e9viter les piq\u00fbres de moustiques.\u00a0<\/p>\t\t\t\t\t\t\t<\/div>\r\n\t\t\t\t\t\t\t\t\t\t\t\t\t\t\t\t<\/div>\r\n\t\t\t<\/div>\r\n\t\t<\/div>\r\n\t<\/div>\r\n\r\n\t\t\t\t<\/div>\n\t\t\t\t<\/div>\n\t\t\t\t<div class=\"elementor-element elementor-element-65560f1 elementor-widget elementor-widget-premium-addon-preview-image\" data-id=\"65560f1\" data-element_type=\"widget\" data-widget_type=\"premium-addon-preview-image.default\">\n\t\t\t\t<div class=\"elementor-widget-container\">\n\t\t\t\r\n\t<div id=\"premium-preview-image-main-65560f1\" class=\"premium-preview-image-wrap\" data-settings=\"{&quot;anim&quot;:&quot;fade&quot;,&quot;animDur&quot;:350,&quot;delay&quot;:10,&quot;arrow&quot;:false,&quot;active&quot;:false,&quot;responsive&quot;:false,&quot;distance&quot;:-1,&quot;minWidth&quot;:0,&quot;maxWidth&quot;:&quot;null&quot;,&quot;minWidthTabs&quot;:0,&quot;maxWidthTabs&quot;:&quot;null&quot;,&quot;minWidthMobs&quot;:0,&quot;maxWidthMobs&quot;:&quot;null&quot;,&quot;side&quot;:[&quot;right&quot;,&quot;left&quot;],&quot;container&quot;:{&quot;background&quot;:&quot;&quot;},&quot;hideMobiles&quot;:false,&quot;id&quot;:&quot;65560f1&quot;,&quot;type&quot;:&quot;custom&quot;}\">\r\n\t\t<div class=\"premium-preview-image-trig-img-wrap\">\r\n\t\t\t<div class=\"premium-preview-image-inner-trig-img\" data-tooltip-content=\"#tooltip_content\">\r\n\t\t\t\t\t\t\t\t\t\r\n\t\t<div id=\"premium-preview-image-main-65560f1\" class=\"premium-preview-image-wrap premium-preview-image-figure\" data-settings=\"{&quot;anim&quot;:&quot;fade&quot;,&quot;animDur&quot;:350,&quot;delay&quot;:10,&quot;arrow&quot;:false,&quot;active&quot;:false,&quot;responsive&quot;:false,&quot;distance&quot;:-1,&quot;minWidth&quot;:0,&quot;maxWidth&quot;:&quot;null&quot;,&quot;minWidthTabs&quot;:0,&quot;maxWidthTabs&quot;:&quot;null&quot;,&quot;minWidthMobs&quot;:0,&quot;maxWidthMobs&quot;:&quot;null&quot;,&quot;side&quot;:[&quot;right&quot;,&quot;left&quot;],&quot;container&quot;:{&quot;background&quot;:&quot;&quot;},&quot;hideMobiles&quot;:false,&quot;id&quot;:&quot;65560f1&quot;,&quot;type&quot;:&quot;custom&quot;}\">\r\n\t\t\t\r\n\t\t\t\t<img decoding=\"async\" class=\"premium-preview-image-trigger\" alt=\"sac poubelle\" src=\"https:\/\/i0.wp.com\/www.tropicalcubanholiday.com\/wp-content\/uploads\/2019\/06\/sack-of-gifts.png?fit=24%2C24&amp;ssl=1\">\r\n\t\t\t\t\r\n\t\t\t\t\t\t\t\t\t\t<figcaption class=\"premium-preview-image-figcap\">\r\n\t\t\t\t\tSac poubelle\t\t\t\t<\/figcaption>\r\n\t\t\t\t\t\t<\/div>\r\n\r\n\t\t\t\t\t\t\r\n\t\t\t\t<div id=\"tooltip_content\" class=\"premium-prev-img-tooltip-wrap premium-prev-img-tooltip-wrap-65560f1\">\r\n\t\t\t\t\t\t\t\t\t\t\t\r\n\t\t\t\t\t\t\r\n\t\t\t\t\t\t\t\t\t\t\t\t\t<div class=\"premium-prev-img-tooltip-desc-wrap-65560f1 premium-prev-img-tooltip-desc-wrap\">\r\n\t\t\t\t\t\t\t\t<p>\u00a0Vous pouvez utiliser des sacs poubelle de rechange pour s\u00e9parer les v\u00eatements sales de vos propres d\u00e9chets.\u00a0<\/p>\t\t\t\t\t\t\t<\/div>\r\n\t\t\t\t\t\t\t\t\t\t\t\t\t\t\t\t<\/div>\r\n\t\t\t<\/div>\r\n\t\t<\/div>\r\n\t<\/div>\r\n\r\n\t\t\t\t<\/div>\n\t\t\t\t<\/div>\n\t\t\t\t<div class=\"elementor-element elementor-element-cda93ce elementor-widget elementor-widget-premium-addon-preview-image\" data-id=\"cda93ce\" data-element_type=\"widget\" data-widget_type=\"premium-addon-preview-image.default\">\n\t\t\t\t<div class=\"elementor-widget-container\">\n\t\t\t\r\n\t<div id=\"premium-preview-image-main-cda93ce\" class=\"premium-preview-image-wrap\" data-settings=\"{&quot;anim&quot;:&quot;fade&quot;,&quot;animDur&quot;:350,&quot;delay&quot;:10,&quot;arrow&quot;:false,&quot;active&quot;:false,&quot;responsive&quot;:false,&quot;distance&quot;:-1,&quot;minWidth&quot;:0,&quot;maxWidth&quot;:&quot;null&quot;,&quot;minWidthTabs&quot;:0,&quot;maxWidthTabs&quot;:&quot;null&quot;,&quot;minWidthMobs&quot;:0,&quot;maxWidthMobs&quot;:&quot;null&quot;,&quot;side&quot;:[&quot;right&quot;,&quot;left&quot;],&quot;container&quot;:{&quot;background&quot;:&quot;&quot;},&quot;hideMobiles&quot;:false,&quot;id&quot;:&quot;cda93ce&quot;,&quot;type&quot;:&quot;custom&quot;}\">\r\n\t\t<div class=\"premium-preview-image-trig-img-wrap\">\r\n\t\t\t<div class=\"premium-preview-image-inner-trig-img\" data-tooltip-content=\"#tooltip_content\">\r\n\t\t\t\t\t\t\t\t\t\r\n\t\t<div id=\"premium-preview-image-main-cda93ce\" class=\"premium-preview-image-wrap premium-preview-image-figure\" data-settings=\"{&quot;anim&quot;:&quot;fade&quot;,&quot;animDur&quot;:350,&quot;delay&quot;:10,&quot;arrow&quot;:false,&quot;active&quot;:false,&quot;responsive&quot;:false,&quot;distance&quot;:-1,&quot;minWidth&quot;:0,&quot;maxWidth&quot;:&quot;null&quot;,&quot;minWidthTabs&quot;:0,&quot;maxWidthTabs&quot;:&quot;null&quot;,&quot;minWidthMobs&quot;:0,&quot;maxWidthMobs&quot;:&quot;null&quot;,&quot;side&quot;:[&quot;right&quot;,&quot;left&quot;],&quot;container&quot;:{&quot;background&quot;:&quot;&quot;},&quot;hideMobiles&quot;:false,&quot;id&quot;:&quot;cda93ce&quot;,&quot;type&quot;:&quot;custom&quot;}\">\r\n\t\t\t\r\n\t\t\t\t<img decoding=\"async\" class=\"premium-preview-image-trigger\" alt=\"v\u00e9lo de montagne\" src=\"https:\/\/i0.wp.com\/www.tropicalcubanholiday.com\/wp-content\/uploads\/2019\/06\/mountain-bike.png?fit=24%2C24&amp;ssl=1\">\r\n\t\t\t\t\r\n\t\t\t\t\t\t\t\t\t\t<figcaption class=\"premium-preview-image-figcap\">\r\n\t\t\t\t\tProfiter de l'aventure\t\t\t\t<\/figcaption>\r\n\t\t\t\t\t\t<\/div>\r\n\r\n\t\t\t\t\t\t\r\n\t\t\t\t<div id=\"tooltip_content\" class=\"premium-prev-img-tooltip-wrap premium-prev-img-tooltip-wrap-cda93ce\">\r\n\t\t\t\t\t\t\t\t\t\t\t\r\n\t\t\t\t\t\t\r\n\t\t\t\t\t\t\t\t\t\t\t\t\t<div class=\"premium-prev-img-tooltip-desc-wrap-cda93ce premium-prev-img-tooltip-desc-wrap\">\r\n\t\t\t\t\t\t\t\t<p>\u00a0Emportez tout ce que vous voulez faire pendant votre temps libre, montez \u00e0 v\u00e9lo, lisez un livre, jouez aux cartes ou d\u00e9tendez-vous simplement sur la plage.\u00a0<\/p>\t\t\t\t\t\t\t<\/div>\r\n\t\t\t\t\t\t\t\t\t\t\t\t\t\t\t\t<\/div>\r\n\t\t\t<\/div>\r\n\t\t<\/div>\r\n\t<\/div>\r\n\r\n\t\t\t\t<\/div>\n\t\t\t\t<\/div>\n\t\t\t\t\t\t<\/div>\n\t\t\t\t\t<\/div>\n\t\t<\/div>\n\t\t\t\t\t\t\t\t<\/div>\n\t\t\t\t\t<\/div>\n\t\t<\/section>\n\t\t\t\t<section class=\"elementor-section elementor-inner-section elementor-element elementor-element-3b511365 elementor-section-boxed elementor-section-height-default elementor-section-height-default\" data-id=\"3b511365\" data-element_type=\"section\">\n\t\t\t\t\t\t<div class=\"elementor-container elementor-column-gap-default\">\n\t\t\t\t\t\t\t<div class=\"elementor-row\">\n\t\t\t\t\t<div class=\"elementor-column elementor-col-100 elementor-inner-column elementor-element elementor-element-7e94e7a2\" data-id=\"7e94e7a2\" data-element_type=\"column\">\n\t\t\t<div class=\"elementor-column-wrap elementor-element-populated\">\n\t\t\t\t\t\t\t<div class=\"elementor-widget-wrap\">\n\t\t\t\t\t\t<div class=\"elementor-element elementor-element-d09a09b elementor-widget elementor-widget-premium-addon-title\" data-id=\"d09a09b\" data-element_type=\"widget\" data-widget_type=\"premium-addon-title.default\">\n\t\t\t\t<div class=\"elementor-widget-container\">\n\t\t\t\r\n\t<div class=\"premium-title-container style7\">\r\n\t\t<h3 class=\"premium-title-header premium-title-style7\">\r\n\t\t\t\t\t\t\t\t\t\t\t\t<span class=\"premium-title-style7-stripe-wrap\">\r\n\t\t\t\t\t\t<span class=\"premium-title-style7-stripe\"><\/span>\r\n\t\t\t\t\t<\/span>\r\n\t\t\t\t\t\t\t\t<div class=\"premium-title-style7-inner\">\r\n\t\t\t\r\n\t\t\t\r\n\t\t\t\t\t\t\t\t\t\t\t\t\t\t\t\t<span class=\"premium-title-text\" >\r\n\t\t\t\tAires de stationnement\t\t\t<\/span>\r\n\t\t\t\t\r\n\t\t\t\t\t\t\t<\/div>\r\n\t\t\t\t\t\t\t\t<\/h3>\r\n\t<\/div>\r\n\r\n\t\t\t\t<\/div>\n\t\t\t\t<\/div>\n\t\t\t\t<div class=\"elementor-element elementor-element-d28002a elementor-widget elementor-widget-text-editor\" data-id=\"d28002a\" data-element_type=\"widget\" data-widget_type=\"text-editor.default\">\n\t\t\t\t<div class=\"elementor-widget-container\">\n\t\t\t\t\t\t\t\t<div class=\"elementor-text-editor elementor-clearfix\">\n\t\t\t\t<p>En gros, vous pouvez faire du camping gratuitement, ce qui signifie que vous stationnez partout o\u00f9 il est l\u00e9gal. Mais Cuba propose \u00e9galement des terrains de camping officiels o\u00f9 toutes les conditions sont r\u00e9unies pour r\u00e9pondre \u00e0 tous vos besoins en mati\u00e8re de camping-car.<br \/>Il existe actuellement zones de stationnement allant de l&rsquo;ouest au centre de l&rsquo;\u00eele, situ\u00e9es \u00e0: Maria La Gorda, vall\u00e9e de Vinales, Soroa, Las Terrazas, Playas del Este (La Havane), Jibacoa, Varadero, Playa Larga (P\u00e9ninsule de Zapata), Cienfuegos, Guajimico, Trinit\u00e9, Topes de Collantes, Santa Clara, Cayo Santa Maria et Cayo Coco.<br \/>Prix de 30\u00a0CUC, \u20ac ou $ par aire de stationnement<\/p>\t\t\t\t\t<\/div>\n\t\t\t\t\t\t<\/div>\n\t\t\t\t<\/div>\n\t\t\t\t<div class=\"elementor-element elementor-element-61cc461 elementor-widget elementor-widget-image\" data-id=\"61cc461\" data-element_type=\"widget\" data-widget_type=\"image.default\">\n\t\t\t\t<div class=\"elementor-widget-container\">\n\t\t\t\t\t\t\t\t<div class=\"elementor-image\">\n\t\t\t\t\t\t\t\t\t\t\t\t<img decoding=\"async\" width=\"679\" height=\"432\" src=\"https:\/\/i0.wp.com\/www.tropicalcubanholiday.com\/wp-content\/uploads\/2020\/01\/Parking-Area-cuba-on-the-road-campervan-rental.jpg?fit=679%2C432&amp;ssl=1\" class=\"attachment-large size-large wp-image-33801\" alt=\"Cuba Vintage Vacation Parking Area - cuba on the road- campervan rental\" loading=\"lazy\" srcset=\"https:\/\/i0.wp.com\/www.tropicalcubanholiday.com\/wp-content\/uploads\/2020\/01\/Parking-Area-cuba-on-the-road-campervan-rental.jpg?w=679&amp;ssl=1 679w, https:\/\/i0.wp.com\/www.tropicalcubanholiday.com\/wp-content\/uploads\/2020\/01\/Parking-Area-cuba-on-the-road-campervan-rental.jpg?resize=300%2C191&amp;ssl=1 300w, https:\/\/i0.wp.com\/www.tropicalcubanholiday.com\/wp-content\/uploads\/2020\/01\/Parking-Area-cuba-on-the-road-campervan-rental.jpg?resize=450%2C286&amp;ssl=1 450w\" sizes=\"(max-width: 679px) 100vw, 679px\" data-attachment-id=\"33801\" data-permalink=\"https:\/\/www.tropicalcubanholiday.com\/fr\/parking-area-cuba-on-the-road-campervan-rental\/\" data-orig-file=\"https:\/\/i0.wp.com\/www.tropicalcubanholiday.com\/wp-content\/uploads\/2020\/01\/Parking-Area-cuba-on-the-road-campervan-rental.jpg?fit=679%2C432&amp;ssl=1\" data-orig-size=\"679,432\" data-comments-opened=\"0\" data-image-meta=\"{&quot;aperture&quot;:&quot;0&quot;,&quot;credit&quot;:&quot;&quot;,&quot;camera&quot;:&quot;&quot;,&quot;caption&quot;:&quot;&quot;,&quot;created_timestamp&quot;:&quot;0&quot;,&quot;copyright&quot;:&quot;&quot;,&quot;focal_length&quot;:&quot;0&quot;,&quot;iso&quot;:&quot;0&quot;,&quot;shutter_speed&quot;:&quot;0&quot;,&quot;title&quot;:&quot;&quot;,&quot;orientation&quot;:&quot;0&quot;}\" data-image-title=\"Parking Area &#8211; cuba on the road- campervan rental\" data-image-description=\"&lt;p&gt;Parking Area &#8211; cuba on the road- campervan rental&lt;\/p&gt;\n\" data-image-caption=\"&lt;p&gt;Parking Area &#8211; cuba on the road- campervan rental&lt;\/p&gt;\n\" data-medium-file=\"https:\/\/i0.wp.com\/www.tropicalcubanholiday.com\/wp-content\/uploads\/2020\/01\/Parking-Area-cuba-on-the-road-campervan-rental.jpg?fit=300%2C191&amp;ssl=1\" data-large-file=\"https:\/\/i0.wp.com\/www.tropicalcubanholiday.com\/wp-content\/uploads\/2020\/01\/Parking-Area-cuba-on-the-road-campervan-rental.jpg?fit=679%2C432&amp;ssl=1\" \/>\t\t\t\t\t\t\t\t\t\t\t\t\t\t<\/div>\n\t\t\t\t\t\t<\/div>\n\t\t\t\t<\/div>\n\t\t\t\t<div class=\"elementor-element elementor-element-38946894 elementor-widget elementor-widget-text-editor\" data-id=\"38946894\" data-element_type=\"widget\" data-widget_type=\"text-editor.default\">\n\t\t\t\t<div class=\"elementor-widget-container\">\n\t\t\t\t\t\t\t\t<div class=\"elementor-text-editor elementor-clearfix\">\n\t\t\t\t<p>L&rsquo;utilisation des \u00e9quipements de chaque aire de stationnement est comprise dans la location de la caravane:<\/p><p>Branchement \u00e9lectrique (1,2 KW \/ heure), alimentation en eau potable et non potable (maximum de 4 campeurs connect\u00e9s simultan\u00e9ment)<br \/>Possibilit\u00e9 d&rsquo;\u00e9liminer les d\u00e9chets<br \/>Personnel de s\u00e9curit\u00e9 ou zone prot\u00e9g\u00e9e pour la garde du v\u00e9hicule<br \/>Acc\u00e8s aux espaces publics de chaque emplacement tels que les plages, les piscines, la salle de sport et les terrains de sport<br \/>Restaurants, caf\u00e9s, bars (*)<br \/>Fourniture de nourriture et de boissons dans les magasins (*)<br \/>Service de nettoyage pour le nettoyage (*)<br \/>Service Clients (*)<br \/>Service de blanchisserie et de nettoyage \u00e0 sec (*)<br \/>Logement (*)<br \/>Options offertes par chaque installation (*)<br \/>Note (*): Ces services ont un co\u00fbt suppl\u00e9mentaire, \u00e0 payer sur place. La disponibilit\u00e9 et les prix varient selon les r\u00e9gions.<\/p>\t\t\t\t\t<\/div>\n\t\t\t\t\t\t<\/div>\n\t\t\t\t<\/div>\n\t\t\t\t\t\t<\/div>\n\t\t\t\t\t<\/div>\n\t\t<\/div>\n\t\t\t\t\t\t\t\t<\/div>\n\t\t\t\t\t<\/div>\n\t\t<\/section>\n\t\t\t\t\t\t<\/div>\n\t\t\t\t\t<\/div>\n\t\t<\/div>\n\t\t\t\t<div class=\"elementor-column elementor-col-33 elementor-top-column elementor-element elementor-element-892832f\" data-id=\"892832f\" data-element_type=\"column\" data-settings=\"{&quot;background_background&quot;:&quot;classic&quot;}\">\n\t\t\t<div class=\"elementor-column-wrap elementor-element-populated\">\n\t\t\t\t\t\t\t<div class=\"elementor-widget-wrap\">\n\t\t\t\t\t\t<div class=\"elementor-element elementor-element-1fd367ca elementor-widget elementor-widget-heading\" data-id=\"1fd367ca\" data-element_type=\"widget\" data-widget_type=\"heading.default\">\n\t\t\t\t<div class=\"elementor-widget-container\">\n\t\t\t<h5 class=\"elementor-heading-title elementor-size-medium\">Meilleures Ventes<\/h5>\t\t<\/div>\n\t\t\t\t<\/div>\n\t\t\t\t<div class=\"elementor-element elementor-element-f354990 elementor-position-top elementor-vertical-align-top elementor-widget elementor-widget-image-box\" data-id=\"f354990\" data-element_type=\"widget\" data-widget_type=\"image-box.default\">\n\t\t\t\t<div class=\"elementor-widget-container\">\n\t\t\t<div class=\"elementor-image-box-wrapper\"><figure class=\"elementor-image-box-img\"><a href=\"https:\/\/www.tropicalcubanholiday.com\/fr\/listings\/velo-electrique-location\/\" target=\"_blank\"><img decoding=\"async\" width=\"704\" height=\"449\" src=\"https:\/\/i0.wp.com\/www.tropicalcubanholiday.com\/wp-content\/uploads\/2019\/06\/Tour-ELECTRIC-BICYCLES-26-1.jpg?fit=704%2C449&amp;ssl=1\" class=\"attachment-full size-full wp-image-30040\" alt=\"Discover the best Cuban destinations rentals by tropicalcubanholiday.com\" loading=\"lazy\" data-attachment-id=\"30040\" data-permalink=\"https:\/\/www.tropicalcubanholiday.com\/fr\/listings\/e-bike-rental\/tour-electric-bicycles-26-1\/\" data-orig-file=\"https:\/\/i0.wp.com\/www.tropicalcubanholiday.com\/wp-content\/uploads\/2019\/06\/Tour-ELECTRIC-BICYCLES-26-1.jpg?fit=704%2C449&amp;ssl=1\" data-orig-size=\"704,449\" data-comments-opened=\"0\" data-image-meta=\"{&quot;aperture&quot;:&quot;0&quot;,&quot;credit&quot;:&quot;&quot;,&quot;camera&quot;:&quot;&quot;,&quot;caption&quot;:&quot;&quot;,&quot;created_timestamp&quot;:&quot;0&quot;,&quot;copyright&quot;:&quot;&quot;,&quot;focal_length&quot;:&quot;0&quot;,&quot;iso&quot;:&quot;0&quot;,&quot;shutter_speed&quot;:&quot;0&quot;,&quot;title&quot;:&quot;&quot;,&quot;orientation&quot;:&quot;0&quot;}\" data-image-title=\"Tour ELECTRIC BICYCLES-26&amp;Prime; available for renting in Havana\" data-image-description=\"&lt;p&gt;Ready for a unique experience with the ELECTRIC BICYCLES \u00ab\u00a0E -bikes\u00a0\u00bb through Cuba &lt;\/p&gt;\n\" data-image-caption=\"&lt;p&gt;Ready for a unique experience with the ELECTRIC BICYCLES \u00ab\u00a0E -bikes\u00a0\u00bb through Cuba &lt;\/p&gt;\n\" data-medium-file=\"https:\/\/i0.wp.com\/www.tropicalcubanholiday.com\/wp-content\/uploads\/2019\/06\/Tour-ELECTRIC-BICYCLES-26-1.jpg?fit=300%2C191&amp;ssl=1\" data-large-file=\"https:\/\/i0.wp.com\/www.tropicalcubanholiday.com\/wp-content\/uploads\/2019\/06\/Tour-ELECTRIC-BICYCLES-26-1.jpg?fit=704%2C449&amp;ssl=1\" srcset=\"https:\/\/i0.wp.com\/www.tropicalcubanholiday.com\/wp-content\/uploads\/2019\/06\/Tour-ELECTRIC-BICYCLES-26-1.jpg?w=704&amp;ssl=1 704w, https:\/\/i0.wp.com\/www.tropicalcubanholiday.com\/wp-content\/uploads\/2019\/06\/Tour-ELECTRIC-BICYCLES-26-1.jpg?resize=300%2C191&amp;ssl=1 300w, https:\/\/i0.wp.com\/www.tropicalcubanholiday.com\/wp-content\/uploads\/2019\/06\/Tour-ELECTRIC-BICYCLES-26-1.jpg?resize=450%2C287&amp;ssl=1 450w\" sizes=\"(max-width: 704px) 100vw, 704px\" \/><\/a><\/figure><div class=\"elementor-image-box-content\"><p class=\"elementor-image-box-description\">1- Le v\u00e9lo \u00e9lectrique apporte plus de flexibilit\u00e9 pour votre voyage de groupe ou en famille<\/p><\/div><\/div>\t\t<\/div>\n\t\t\t\t<\/div>\n\t\t\t\t<div class=\"elementor-element elementor-element-cf55415 elementor-widget-divider--view-line elementor-widget elementor-widget-divider\" data-id=\"cf55415\" data-element_type=\"widget\" data-widget_type=\"divider.default\">\n\t\t\t\t<div class=\"elementor-widget-container\">\n\t\t\t\t\t<div class=\"elementor-divider\">\n\t\t\t<span class=\"elementor-divider-separator\">\n\t\t\t\t\t\t<\/span>\n\t\t<\/div>\n\t\t\t\t<\/div>\n\t\t\t\t<\/div>\n\t\t\t\t<div class=\"elementor-element elementor-element-54e61d36 elementor-position-top elementor-vertical-align-top elementor-widget elementor-widget-image-box\" data-id=\"54e61d36\" data-element_type=\"widget\" data-widget_type=\"image-box.default\">\n\t\t\t\t<div class=\"elementor-widget-container\">\n\t\t\t<div class=\"elementor-image-box-wrapper\"><figure class=\"elementor-image-box-img\"><a href=\"https:\/\/www.tropicalcubanholiday.com\/listings\/avalon-2-sea-dream\/\" target=\"_blank\"><img data-attachment-id=\"33412\" data-permalink=\"https:\/\/www.tropicalcubanholiday.com\/fr\/diving-tour-in-jardines-de-la-reina-with-avalon-ii-luxury-yacht-2\/\" data-orig-file=\"https:\/\/i0.wp.com\/www.tropicalcubanholiday.com\/wp-content\/uploads\/2019\/10\/Diving-Tour-in-Jardines-de-la-Reina-with-Avalon-II-luxury-yacht.jpg?fit=694%2C376&amp;ssl=1\" data-orig-size=\"694,376\" data-comments-opened=\"0\" data-image-meta=\"{&quot;aperture&quot;:&quot;0&quot;,&quot;credit&quot;:&quot;&quot;,&quot;camera&quot;:&quot;&quot;,&quot;caption&quot;:&quot;&quot;,&quot;created_timestamp&quot;:&quot;0&quot;,&quot;copyright&quot;:&quot;&quot;,&quot;focal_length&quot;:&quot;0&quot;,&quot;iso&quot;:&quot;0&quot;,&quot;shutter_speed&quot;:&quot;0&quot;,&quot;title&quot;:&quot;&quot;,&quot;orientation&quot;:&quot;0&quot;}\" data-image-title=\"Diving Tour in Jardines de la Reina with Avalon II luxury yacht\" data-image-description=\"&lt;p&gt;Excursion de plong\u00e9e \u00e0 Jardines de la Reina avec yacht de luxe Avalon II&lt;\/p&gt;\n\" data-image-caption=\"&lt;p&gt;Excursion de plong\u00e9e \u00e0 Jardines de la Reina avec yacht de luxe Avalon II&lt;\/p&gt;\n\" data-medium-file=\"https:\/\/i0.wp.com\/www.tropicalcubanholiday.com\/wp-content\/uploads\/2019\/10\/Diving-Tour-in-Jardines-de-la-Reina-with-Avalon-II-luxury-yacht.jpg?fit=300%2C163&amp;ssl=1\" data-large-file=\"https:\/\/i0.wp.com\/www.tropicalcubanholiday.com\/wp-content\/uploads\/2019\/10\/Diving-Tour-in-Jardines-de-la-Reina-with-Avalon-II-luxury-yacht.jpg?fit=694%2C376&amp;ssl=1\" decoding=\"async\" width=\"694\" height=\"376\" src=\"https:\/\/i0.wp.com\/www.tropicalcubanholiday.com\/wp-content\/uploads\/2019\/10\/Diving-Tour-in-Jardines-de-la-Reina-with-Avalon-II-luxury-yacht.jpg?fit=694%2C376&amp;ssl=1\" class=\"attachment-full size-full wp-image-33412\" alt=\"Excursion de plong\u00e9e \u00e0 Jardines de la Reina avec yacht de luxe Avalon II\" loading=\"lazy\" data-attachment-id=\"33412\" data-permalink=\"https:\/\/www.tropicalcubanholiday.com\/fr\/diving-tour-in-jardines-de-la-reina-with-avalon-ii-luxury-yacht-2\/\" data-orig-file=\"https:\/\/i0.wp.com\/www.tropicalcubanholiday.com\/wp-content\/uploads\/2019\/10\/Diving-Tour-in-Jardines-de-la-Reina-with-Avalon-II-luxury-yacht.jpg?fit=694%2C376&amp;ssl=1\" data-orig-size=\"694,376\" data-comments-opened=\"0\" data-image-meta=\"{&quot;aperture&quot;:&quot;0&quot;,&quot;credit&quot;:&quot;&quot;,&quot;camera&quot;:&quot;&quot;,&quot;caption&quot;:&quot;&quot;,&quot;created_timestamp&quot;:&quot;0&quot;,&quot;copyright&quot;:&quot;&quot;,&quot;focal_length&quot;:&quot;0&quot;,&quot;iso&quot;:&quot;0&quot;,&quot;shutter_speed&quot;:&quot;0&quot;,&quot;title&quot;:&quot;&quot;,&quot;orientation&quot;:&quot;0&quot;}\" data-image-title=\"Diving Tour in Jardines de la Reina with Avalon II luxury yacht\" data-image-description=\"&lt;p&gt;Excursion de plong\u00e9e \u00e0 Jardines de la Reina avec yacht de luxe Avalon II&lt;\/p&gt;\n\" data-image-caption=\"&lt;p&gt;Excursion de plong\u00e9e \u00e0 Jardines de la Reina avec yacht de luxe Avalon II&lt;\/p&gt;\n\" data-medium-file=\"https:\/\/i0.wp.com\/www.tropicalcubanholiday.com\/wp-content\/uploads\/2019\/10\/Diving-Tour-in-Jardines-de-la-Reina-with-Avalon-II-luxury-yacht.jpg?fit=300%2C163&amp;ssl=1\" data-large-file=\"https:\/\/i0.wp.com\/www.tropicalcubanholiday.com\/wp-content\/uploads\/2019\/10\/Diving-Tour-in-Jardines-de-la-Reina-with-Avalon-II-luxury-yacht.jpg?fit=694%2C376&amp;ssl=1\" \/><\/a><\/figure><div class=\"elementor-image-box-content\"><p class=\"elementor-image-box-description\">2- Excursion de plong\u00e9e \u00e0 Jardines de la Reina avec yacht de luxe Avalon II<\/p><\/div><\/div>\t\t<\/div>\n\t\t\t\t<\/div>\n\t\t\t\t<div class=\"elementor-element elementor-element-1cc35702 elementor-widget-divider--view-line elementor-widget elementor-widget-divider\" data-id=\"1cc35702\" data-element_type=\"widget\" data-widget_type=\"divider.default\">\n\t\t\t\t<div class=\"elementor-widget-container\">\n\t\t\t\t\t<div class=\"elementor-divider\">\n\t\t\t<span class=\"elementor-divider-separator\">\n\t\t\t\t\t\t<\/span>\n\t\t<\/div>\n\t\t\t\t<\/div>\n\t\t\t\t<\/div>\n\t\t\t\t<div class=\"elementor-element elementor-element-11e7cd31 elementor-position-top elementor-vertical-align-top elementor-widget elementor-widget-image-box\" data-id=\"11e7cd31\" data-element_type=\"widget\" data-widget_type=\"image-box.default\">\n\t\t\t\t<div class=\"elementor-widget-container\">\n\t\t\t<div class=\"elementor-image-box-wrapper\"><figure class=\"elementor-image-box-img\"><a href=\"https:\/\/www.tropicalcubanholiday.com\/fr\/listings\/piaggio-mp3-moto-a-louer\/\" target=\"_blank\"><img decoding=\"async\" width=\"955\" height=\"662\" src=\"https:\/\/i0.wp.com\/www.tropicalcubanholiday.com\/wp-content\/uploads\/2019\/06\/Enjoying-the-Scooter-in-Cuba-by-tropicalcubanholiday.com_.jpg?fit=955%2C662&amp;ssl=1\" class=\"attachment-full size-full wp-image-30023\" alt=\"The new Piaggio MP3 Scooter for rent in Havana by tropicalcubanholiday.com\" loading=\"lazy\" data-attachment-id=\"30023\" data-permalink=\"https:\/\/www.tropicalcubanholiday.com\/fr\/listings\/piaggio-mp3-scooter-rent\/enjoying-the-scooter-in-cuba-by-tropicalcubanholiday-com\/\" data-orig-file=\"https:\/\/i0.wp.com\/www.tropicalcubanholiday.com\/wp-content\/uploads\/2019\/06\/Enjoying-the-Scooter-in-Cuba-by-tropicalcubanholiday.com_.jpg?fit=955%2C662&amp;ssl=1\" data-orig-size=\"955,662\" data-comments-opened=\"0\" data-image-meta=\"{&quot;aperture&quot;:&quot;0&quot;,&quot;credit&quot;:&quot;&quot;,&quot;camera&quot;:&quot;&quot;,&quot;caption&quot;:&quot;&quot;,&quot;created_timestamp&quot;:&quot;0&quot;,&quot;copyright&quot;:&quot;&quot;,&quot;focal_length&quot;:&quot;0&quot;,&quot;iso&quot;:&quot;0&quot;,&quot;shutter_speed&quot;:&quot;0&quot;,&quot;title&quot;:&quot;&quot;,&quot;orientation&quot;:&quot;0&quot;}\" data-image-title=\"Enjoying the Scooter in Cuba by tropicalcubanholiday.com\" data-image-description=\"&lt;p&gt;the motor of this Piaggio was designed for better performance and low gas consumption and is more environmentally friendly.&lt;\/p&gt;\n\" data-image-caption=\"&lt;p&gt;This Piaggio MP3 Scooter for rent is a lightweight, agile and highly practical scooter with the three-wheel technology&lt;\/p&gt;\n\" data-medium-file=\"https:\/\/i0.wp.com\/www.tropicalcubanholiday.com\/wp-content\/uploads\/2019\/06\/Enjoying-the-Scooter-in-Cuba-by-tropicalcubanholiday.com_.jpg?fit=300%2C208&amp;ssl=1\" data-large-file=\"https:\/\/i0.wp.com\/www.tropicalcubanholiday.com\/wp-content\/uploads\/2019\/06\/Enjoying-the-Scooter-in-Cuba-by-tropicalcubanholiday.com_.jpg?fit=955%2C662&amp;ssl=1\" srcset=\"https:\/\/i0.wp.com\/www.tropicalcubanholiday.com\/wp-content\/uploads\/2019\/06\/Enjoying-the-Scooter-in-Cuba-by-tropicalcubanholiday.com_.jpg?w=955&amp;ssl=1 955w, https:\/\/i0.wp.com\/www.tropicalcubanholiday.com\/wp-content\/uploads\/2019\/06\/Enjoying-the-Scooter-in-Cuba-by-tropicalcubanholiday.com_.jpg?resize=300%2C208&amp;ssl=1 300w, https:\/\/i0.wp.com\/www.tropicalcubanholiday.com\/wp-content\/uploads\/2019\/06\/Enjoying-the-Scooter-in-Cuba-by-tropicalcubanholiday.com_.jpg?resize=768%2C532&amp;ssl=1 768w, https:\/\/i0.wp.com\/www.tropicalcubanholiday.com\/wp-content\/uploads\/2019\/06\/Enjoying-the-Scooter-in-Cuba-by-tropicalcubanholiday.com_.jpg?resize=450%2C312&amp;ssl=1 450w\" sizes=\"(max-width: 955px) 100vw, 955px\" \/><\/a><\/figure><div class=\"elementor-image-box-content\"><p class=\"elementor-image-box-description\">3- La nouvelle meilleure fa\u00e7on de voyager \u00e0 Cuba<\/p><\/div><\/div>\t\t<\/div>\n\t\t\t\t<\/div>\n\t\t\t\t<div class=\"elementor-element elementor-element-3f4cec7 elementor-widget-divider--view-line elementor-widget elementor-widget-divider\" data-id=\"3f4cec7\" data-element_type=\"widget\" data-widget_type=\"divider.default\">\n\t\t\t\t<div class=\"elementor-widget-container\">\n\t\t\t\t\t<div class=\"elementor-divider\">\n\t\t\t<span class=\"elementor-divider-separator\">\n\t\t\t\t\t\t<\/span>\n\t\t<\/div>\n\t\t\t\t<\/div>\n\t\t\t\t<\/div>\n\t\t\t\t<div class=\"elementor-element elementor-element-1608060a elementor-widget elementor-widget-heading\" data-id=\"1608060a\" data-element_type=\"widget\" data-widget_type=\"heading.default\">\n\t\t\t\t<div class=\"elementor-widget-container\">\n\t\t\t<h5 class=\"elementor-heading-title elementor-size-medium\">Plages Recommand\u00e9es<\/h5>\t\t<\/div>\n\t\t\t\t<\/div>\n\t\t\t\t<div class=\"elementor-element elementor-element-72351911 elementor-widget elementor-widget-premium-addon-banner\" data-id=\"72351911\" data-element_type=\"widget\" data-widget_type=\"premium-addon-banner.default\">\n\t\t\t\t<div class=\"elementor-widget-container\">\n\t\t\t\t\t<div class=\"premium-banner-ib premium-banner-min-height premium-banner-animation1 none\">\r\n\t\t\t\t\t\t\t\t\t\t\t\t\t\t\t<img data-attachment-id=\"27847\" data-permalink=\"https:\/\/www.tropicalcubanholiday.com\/fr\/varadero-beach-cuba-tropicalcubanholiday-com-2\/\" data-orig-file=\"https:\/\/i0.wp.com\/www.tropicalcubanholiday.com\/wp-content\/uploads\/2019\/03\/Varadero-Beach-Cuba-tropicalcubanholiday.com_.jpg?fit=640%2C480&amp;ssl=1\" data-orig-size=\"640,480\" data-comments-opened=\"1\" data-image-meta=\"{&quot;aperture&quot;:&quot;0&quot;,&quot;credit&quot;:&quot;&quot;,&quot;camera&quot;:&quot;&quot;,&quot;caption&quot;:&quot;&quot;,&quot;created_timestamp&quot;:&quot;0&quot;,&quot;copyright&quot;:&quot;&quot;,&quot;focal_length&quot;:&quot;0&quot;,&quot;iso&quot;:&quot;0&quot;,&quot;shutter_speed&quot;:&quot;0&quot;,&quot;title&quot;:&quot;&quot;,&quot;orientation&quot;:&quot;0&quot;}\" data-image-title=\"Varadero Beach Cuba tropicalcubanholiday.com\" data-image-description=\"&lt;p&gt;La plage de Varadero \u00e0 Cuba est consid\u00e9r\u00e9e comme l&amp;rsquo;une des meilleures au monde tropicalcubanholiday.com&lt;\/p&gt;\n\" data-image-caption=\"&lt;p&gt;La plage de Varadero \u00e0 Cuba est consid\u00e9r\u00e9e comme l&amp;rsquo;une des meilleures au monde tropicalcubanholiday.com&lt;\/p&gt;\n\" data-medium-file=\"https:\/\/i0.wp.com\/www.tropicalcubanholiday.com\/wp-content\/uploads\/2019\/03\/Varadero-Beach-Cuba-tropicalcubanholiday.com_.jpg?fit=300%2C225&amp;ssl=1\" data-large-file=\"https:\/\/i0.wp.com\/www.tropicalcubanholiday.com\/wp-content\/uploads\/2019\/03\/Varadero-Beach-Cuba-tropicalcubanholiday.com_.jpg?fit=640%2C480&amp;ssl=1\" decoding=\"async\" width=\"640\" height=\"480\" src=\"https:\/\/i0.wp.com\/www.tropicalcubanholiday.com\/wp-content\/uploads\/2019\/03\/Varadero-Beach-Cuba-tropicalcubanholiday.com_.jpg?fit=640%2C480&amp;ssl=1\" class=\"attachment-full size-full wp-image-27847\" alt=\"La plage de Varadero \u00e0 Cuba est consid\u00e9r\u00e9e comme l&#039;une des meilleures au monde tropicalcubanholiday.com\" loading=\"lazy\" data-attachment-id=\"27847\" data-permalink=\"https:\/\/www.tropicalcubanholiday.com\/fr\/varadero-beach-cuba-tropicalcubanholiday-com-2\/\" data-orig-file=\"https:\/\/i0.wp.com\/www.tropicalcubanholiday.com\/wp-content\/uploads\/2019\/03\/Varadero-Beach-Cuba-tropicalcubanholiday.com_.jpg?fit=640%2C480&amp;ssl=1\" data-orig-size=\"640,480\" data-comments-opened=\"1\" data-image-meta=\"{&quot;aperture&quot;:&quot;0&quot;,&quot;credit&quot;:&quot;&quot;,&quot;camera&quot;:&quot;&quot;,&quot;caption&quot;:&quot;&quot;,&quot;created_timestamp&quot;:&quot;0&quot;,&quot;copyright&quot;:&quot;&quot;,&quot;focal_length&quot;:&quot;0&quot;,&quot;iso&quot;:&quot;0&quot;,&quot;shutter_speed&quot;:&quot;0&quot;,&quot;title&quot;:&quot;&quot;,&quot;orientation&quot;:&quot;0&quot;}\" data-image-title=\"Varadero Beach Cuba tropicalcubanholiday.com\" data-image-description=\"&lt;p&gt;La plage de Varadero \u00e0 Cuba est consid\u00e9r\u00e9e comme l&amp;rsquo;une des meilleures au monde tropicalcubanholiday.com&lt;\/p&gt;\n\" data-image-caption=\"&lt;p&gt;La plage de Varadero \u00e0 Cuba est consid\u00e9r\u00e9e comme l&amp;rsquo;une des meilleures au monde tropicalcubanholiday.com&lt;\/p&gt;\n\" data-medium-file=\"https:\/\/i0.wp.com\/www.tropicalcubanholiday.com\/wp-content\/uploads\/2019\/03\/Varadero-Beach-Cuba-tropicalcubanholiday.com_.jpg?fit=300%2C225&amp;ssl=1\" data-large-file=\"https:\/\/i0.wp.com\/www.tropicalcubanholiday.com\/wp-content\/uploads\/2019\/03\/Varadero-Beach-Cuba-tropicalcubanholiday.com_.jpg?fit=640%2C480&amp;ssl=1\" \/>\t\t\t\t\t\t\t\t\t\t<div class=\"premium-banner-ib-desc\">\r\n\t\t\t\t\t\t\t\t\t<h4 class=\"premium-banner-ib-title premium_banner_title\">Plage de varadero<\/h4>\t\t\t\t\t\t<div class=\"premium-banner-ib-content premium_banner_content\">\r\n\t\t\t\t\t\t\t<p>\u00e0 Matanzas<\/p>\t\t\t\t\t\t<\/div>\r\n\t\t\t\t\t\t\t\t\t\t\t\t\t\t\t\t\t<\/div>\r\n\t\t\t<a class=\"premium-banner-ib-link\" href=\"https:\/\/www.tropicalcubanholiday.com\/fr\/listings\/varadero\/\" title=\"\" target=\"_blank\"><\/a>\t\t<\/div>\r\n\t\t\t\t\t<style>\r\n\t\t\t\t@media( min-width: 1px ) and (max-width:767px ) {\r\n\t\t\t\t\t#premium-banner-72351911 .premium-banner-ib-content {\r\n\t\t\t\t\t\tdisplay: none;\r\n\t\t\t\t\t}\r\n\t\t\t\t}\r\n\t\t\t<\/style>\r\n\t\t\t\t\t\t<\/div>\n\t\t\t\t<\/div>\n\t\t\t\t<div class=\"elementor-element elementor-element-176179 elementor-widget-divider--view-line elementor-widget elementor-widget-divider\" data-id=\"176179\" data-element_type=\"widget\" data-widget_type=\"divider.default\">\n\t\t\t\t<div class=\"elementor-widget-container\">\n\t\t\t\t\t<div class=\"elementor-divider\">\n\t\t\t<span class=\"elementor-divider-separator\">\n\t\t\t\t\t\t<\/span>\n\t\t<\/div>\n\t\t\t\t<\/div>\n\t\t\t\t<\/div>\n\t\t\t\t<div class=\"elementor-element elementor-element-168706df elementor-widget elementor-widget-premium-addon-banner\" data-id=\"168706df\" data-element_type=\"widget\" data-widget_type=\"premium-addon-banner.default\">\n\t\t\t\t<div class=\"elementor-widget-container\">\n\t\t\t\t\t<div class=\"premium-banner-ib premium-banner-min-height premium-banner-animation1 none\">\r\n\t\t\t\t\t\t\t\t\t\t\t\t\t\t\t<img data-attachment-id=\"27280\" data-permalink=\"https:\/\/www.tropicalcubanholiday.com\/fr\/santa-lucia-2\/\" data-orig-file=\"https:\/\/i0.wp.com\/www.tropicalcubanholiday.com\/wp-content\/uploads\/2019\/03\/Santa-Lucia-.jpg?fit=826%2C581&amp;ssl=1\" data-orig-size=\"826,581\" data-comments-opened=\"1\" data-image-meta=\"{&quot;aperture&quot;:&quot;0&quot;,&quot;credit&quot;:&quot;&quot;,&quot;camera&quot;:&quot;&quot;,&quot;caption&quot;:&quot;&quot;,&quot;created_timestamp&quot;:&quot;0&quot;,&quot;copyright&quot;:&quot;&quot;,&quot;focal_length&quot;:&quot;0&quot;,&quot;iso&quot;:&quot;0&quot;,&quot;shutter_speed&quot;:&quot;0&quot;,&quot;title&quot;:&quot;&quot;,&quot;orientation&quot;:&quot;0&quot;}\" data-image-title=\"Plage de Santa Lucia situ\u00e9e \u00e0 Camag\u00fcey, Cuba\" data-image-description=\"&lt;p&gt;Plage de Santa Lucia situ\u00e9e \u00e0 Camag\u00fcey, Cuba tropoicalcubanholiday.com&lt;\/p&gt;\n\" data-image-caption=\"&lt;p&gt;Plage de Santa Lucia situ\u00e9e \u00e0 Camag\u00fcey, Cuba tropoicalcubanholiday.com&lt;\/p&gt;\n\" data-medium-file=\"https:\/\/i0.wp.com\/www.tropicalcubanholiday.com\/wp-content\/uploads\/2019\/03\/Santa-Lucia-.jpg?fit=300%2C211&amp;ssl=1\" data-large-file=\"https:\/\/i0.wp.com\/www.tropicalcubanholiday.com\/wp-content\/uploads\/2019\/03\/Santa-Lucia-.jpg?fit=826%2C581&amp;ssl=1\" decoding=\"async\" width=\"826\" height=\"581\" src=\"https:\/\/i0.wp.com\/www.tropicalcubanholiday.com\/wp-content\/uploads\/2019\/03\/Santa-Lucia-.jpg?fit=826%2C581&amp;ssl=1\" class=\"attachment-full size-full wp-image-27280\" alt=\"Plage de Santa Lucia situ\u00e9e \u00e0 Camag\u00fcey, Cuba tropoicalcubanholiday.com\" loading=\"lazy\" data-attachment-id=\"27280\" data-permalink=\"https:\/\/www.tropicalcubanholiday.com\/fr\/santa-lucia-2\/\" data-orig-file=\"https:\/\/i0.wp.com\/www.tropicalcubanholiday.com\/wp-content\/uploads\/2019\/03\/Santa-Lucia-.jpg?fit=826%2C581&amp;ssl=1\" data-orig-size=\"826,581\" data-comments-opened=\"1\" data-image-meta=\"{&quot;aperture&quot;:&quot;0&quot;,&quot;credit&quot;:&quot;&quot;,&quot;camera&quot;:&quot;&quot;,&quot;caption&quot;:&quot;&quot;,&quot;created_timestamp&quot;:&quot;0&quot;,&quot;copyright&quot;:&quot;&quot;,&quot;focal_length&quot;:&quot;0&quot;,&quot;iso&quot;:&quot;0&quot;,&quot;shutter_speed&quot;:&quot;0&quot;,&quot;title&quot;:&quot;&quot;,&quot;orientation&quot;:&quot;0&quot;}\" data-image-title=\"Plage de Santa Lucia situ\u00e9e \u00e0 Camag\u00fcey, Cuba\" data-image-description=\"&lt;p&gt;Plage de Santa Lucia situ\u00e9e \u00e0 Camag\u00fcey, Cuba tropoicalcubanholiday.com&lt;\/p&gt;\n\" data-image-caption=\"&lt;p&gt;Plage de Santa Lucia situ\u00e9e \u00e0 Camag\u00fcey, Cuba tropoicalcubanholiday.com&lt;\/p&gt;\n\" data-medium-file=\"https:\/\/i0.wp.com\/www.tropicalcubanholiday.com\/wp-content\/uploads\/2019\/03\/Santa-Lucia-.jpg?fit=300%2C211&amp;ssl=1\" data-large-file=\"https:\/\/i0.wp.com\/www.tropicalcubanholiday.com\/wp-content\/uploads\/2019\/03\/Santa-Lucia-.jpg?fit=826%2C581&amp;ssl=1\" \/>\t\t\t\t\t\t\t\t\t\t<div class=\"premium-banner-ib-desc\">\r\n\t\t\t\t\t\t\t\t\t<h4 class=\"premium-banner-ib-title premium_banner_title\">Plage de Santa Lucia<\/h4>\t\t\t\t\t\t<div class=\"premium-banner-ib-content premium_banner_content\">\r\n\t\t\t\t\t\t\t<p>\u00e0 Camag\u00fcey<\/p>\t\t\t\t\t\t<\/div>\r\n\t\t\t\t\t\t\t\t\t\t\t\t\t\t\t\t\t<\/div>\r\n\t\t\t<a class=\"premium-banner-ib-link\" href=\"https:\/\/www.tropicalcubanholiday.com\/fr\/listings\/plage-de-santa-lucia\/\" title=\"\" target=\"_blank\"><\/a>\t\t<\/div>\r\n\t\t\t\t\t<style>\r\n\t\t\t\t@media( min-width: 1px ) and (max-width:767px ) {\r\n\t\t\t\t\t#premium-banner-168706df .premium-banner-ib-content {\r\n\t\t\t\t\t\tdisplay: none;\r\n\t\t\t\t\t}\r\n\t\t\t\t}\r\n\t\t\t<\/style>\r\n\t\t\t\t\t\t<\/div>\n\t\t\t\t<\/div>\n\t\t\t\t<div class=\"elementor-element elementor-element-7cfe958d elementor-widget-divider--view-line elementor-widget elementor-widget-divider\" data-id=\"7cfe958d\" data-element_type=\"widget\" data-widget_type=\"divider.default\">\n\t\t\t\t<div class=\"elementor-widget-container\">\n\t\t\t\t\t<div class=\"elementor-divider\">\n\t\t\t<span class=\"elementor-divider-separator\">\n\t\t\t\t\t\t<\/span>\n\t\t<\/div>\n\t\t\t\t<\/div>\n\t\t\t\t<\/div>\n\t\t\t\t<div class=\"elementor-element elementor-element-2fb16b79 elementor-widget elementor-widget-premium-addon-banner\" data-id=\"2fb16b79\" data-element_type=\"widget\" data-widget_type=\"premium-addon-banner.default\">\n\t\t\t\t<div class=\"elementor-widget-container\">\n\t\t\t\t\t<div class=\"premium-banner-ib premium-banner-min-height premium-banner-animation1 none\">\r\n\t\t\t\t\t\t\t\t\t\t\t\t\t\t\t<img data-attachment-id=\"27888\" data-permalink=\"https:\/\/www.tropicalcubanholiday.com\/fr\/listings\/ancon-plage\/ancon-beach-trinidad-2\/\" data-orig-file=\"https:\/\/i0.wp.com\/www.tropicalcubanholiday.com\/wp-content\/uploads\/2017\/09\/Ancon-Beach-Trinidad-.jpg?fit=691%2C530&amp;ssl=1\" data-orig-size=\"691,530\" data-comments-opened=\"1\" data-image-meta=\"{&quot;aperture&quot;:&quot;0&quot;,&quot;credit&quot;:&quot;&quot;,&quot;camera&quot;:&quot;&quot;,&quot;caption&quot;:&quot;&quot;,&quot;created_timestamp&quot;:&quot;0&quot;,&quot;copyright&quot;:&quot;&quot;,&quot;focal_length&quot;:&quot;0&quot;,&quot;iso&quot;:&quot;0&quot;,&quot;shutter_speed&quot;:&quot;0&quot;,&quot;title&quot;:&quot;&quot;,&quot;orientation&quot;:&quot;0&quot;}\" data-image-title=\"Plage Ancon \u00e0 Trinidad Cuba tropicalcubanholiday.com\" data-image-description=\"&lt;p&gt;Plage Ancon \u00e0 Trinidad Cuba tropicalcubanholiday.com&lt;\/p&gt;\n\" data-image-caption=\"&lt;p&gt;Plage Ancon \u00e0 Trinidad Cuba tropicalcubanholiday.com&lt;\/p&gt;\n\" data-medium-file=\"https:\/\/i0.wp.com\/www.tropicalcubanholiday.com\/wp-content\/uploads\/2017\/09\/Ancon-Beach-Trinidad-.jpg?fit=300%2C230&amp;ssl=1\" data-large-file=\"https:\/\/i0.wp.com\/www.tropicalcubanholiday.com\/wp-content\/uploads\/2017\/09\/Ancon-Beach-Trinidad-.jpg?fit=691%2C530&amp;ssl=1\" decoding=\"async\" width=\"691\" height=\"530\" src=\"https:\/\/i0.wp.com\/www.tropicalcubanholiday.com\/wp-content\/uploads\/2017\/09\/Ancon-Beach-Trinidad-.jpg?fit=691%2C530&amp;ssl=1\" class=\"attachment-full size-full wp-image-27888\" alt=\"Plage Ancon \u00e0 Trinidad Cuba tropicalcubanholiday.com\" loading=\"lazy\" data-attachment-id=\"27888\" data-permalink=\"https:\/\/www.tropicalcubanholiday.com\/fr\/listings\/ancon-plage\/ancon-beach-trinidad-2\/\" data-orig-file=\"https:\/\/i0.wp.com\/www.tropicalcubanholiday.com\/wp-content\/uploads\/2017\/09\/Ancon-Beach-Trinidad-.jpg?fit=691%2C530&amp;ssl=1\" data-orig-size=\"691,530\" data-comments-opened=\"1\" data-image-meta=\"{&quot;aperture&quot;:&quot;0&quot;,&quot;credit&quot;:&quot;&quot;,&quot;camera&quot;:&quot;&quot;,&quot;caption&quot;:&quot;&quot;,&quot;created_timestamp&quot;:&quot;0&quot;,&quot;copyright&quot;:&quot;&quot;,&quot;focal_length&quot;:&quot;0&quot;,&quot;iso&quot;:&quot;0&quot;,&quot;shutter_speed&quot;:&quot;0&quot;,&quot;title&quot;:&quot;&quot;,&quot;orientation&quot;:&quot;0&quot;}\" data-image-title=\"Plage Ancon \u00e0 Trinidad Cuba tropicalcubanholiday.com\" data-image-description=\"&lt;p&gt;Plage Ancon \u00e0 Trinidad Cuba tropicalcubanholiday.com&lt;\/p&gt;\n\" data-image-caption=\"&lt;p&gt;Plage Ancon \u00e0 Trinidad Cuba tropicalcubanholiday.com&lt;\/p&gt;\n\" data-medium-file=\"https:\/\/i0.wp.com\/www.tropicalcubanholiday.com\/wp-content\/uploads\/2017\/09\/Ancon-Beach-Trinidad-.jpg?fit=300%2C230&amp;ssl=1\" data-large-file=\"https:\/\/i0.wp.com\/www.tropicalcubanholiday.com\/wp-content\/uploads\/2017\/09\/Ancon-Beach-Trinidad-.jpg?fit=691%2C530&amp;ssl=1\" \/>\t\t\t\t\t\t\t\t\t\t<div class=\"premium-banner-ib-desc\">\r\n\t\t\t\t\t\t\t\t\t<h4 class=\"premium-banner-ib-title premium_banner_title\">Plage Ancon<\/h4>\t\t\t\t\t\t<div class=\"premium-banner-ib-content premium_banner_content\">\r\n\t\t\t\t\t\t\t<p>\u00e0 Sancti Spiritus<\/p>\t\t\t\t\t\t<\/div>\r\n\t\t\t\t\t\t\t\t\t\t\t\t\t\t\t\t\t<\/div>\r\n\t\t\t<a class=\"premium-banner-ib-link\" href=\"https:\/\/www.tropicalcubanholiday.com\/fr\/listings\/ancon-plage\/\" title=\"\" target=\"_blank\"><\/a>\t\t<\/div>\r\n\t\t\t\t\t<style>\r\n\t\t\t\t@media( min-width: 1px ) and (max-width:767px ) {\r\n\t\t\t\t\t#premium-banner-2fb16b79 .premium-banner-ib-content {\r\n\t\t\t\t\t\tdisplay: none;\r\n\t\t\t\t\t}\r\n\t\t\t\t}\r\n\t\t\t<\/style>\r\n\t\t\t\t\t\t<\/div>\n\t\t\t\t<\/div>\n\t\t\t\t<div class=\"elementor-element elementor-element-1efed7b5 elementor-widget-divider--view-line elementor-widget elementor-widget-divider\" data-id=\"1efed7b5\" data-element_type=\"widget\" data-widget_type=\"divider.default\">\n\t\t\t\t<div class=\"elementor-widget-container\">\n\t\t\t\t\t<div class=\"elementor-divider\">\n\t\t\t<span class=\"elementor-divider-separator\">\n\t\t\t\t\t\t<\/span>\n\t\t<\/div>\n\t\t\t\t<\/div>\n\t\t\t\t<\/div>\n\t\t\t\t<div class=\"elementor-element elementor-element-3b4854e0 elementor-widget elementor-widget-premium-addon-banner\" data-id=\"3b4854e0\" data-element_type=\"widget\" data-widget_type=\"premium-addon-banner.default\">\n\t\t\t\t<div class=\"elementor-widget-container\">\n\t\t\t\t\t<div class=\"premium-banner-ib premium-banner-min-height premium-banner-animation1 none\">\r\n\t\t\t\t\t\t\t\t\t\t\t\t\t\t\t<img data-attachment-id=\"27252\" data-permalink=\"https:\/\/www.tropicalcubanholiday.com\/fr\/rancho-luna-3\/\" data-orig-file=\"https:\/\/i0.wp.com\/www.tropicalcubanholiday.com\/wp-content\/uploads\/2019\/03\/Rancho-Luna.jpg?fit=842%2C556&amp;ssl=1\" data-orig-size=\"842,556\" data-comments-opened=\"1\" data-image-meta=\"{&quot;aperture&quot;:&quot;0&quot;,&quot;credit&quot;:&quot;&quot;,&quot;camera&quot;:&quot;&quot;,&quot;caption&quot;:&quot;&quot;,&quot;created_timestamp&quot;:&quot;0&quot;,&quot;copyright&quot;:&quot;&quot;,&quot;focal_length&quot;:&quot;0&quot;,&quot;iso&quot;:&quot;0&quot;,&quot;shutter_speed&quot;:&quot;0&quot;,&quot;title&quot;:&quot;&quot;,&quot;orientation&quot;:&quot;0&quot;}\" data-image-title=\"La plage Rancho Luna \u00e0 Cienfuegos tropicalcubanholiday.com\" data-image-description=\"&lt;p&gt;La plage Rancho Luna \u00e0 Cienfuegos Cuba tropicalcubanholiday.com&lt;\/p&gt;\n\" data-image-caption=\"&lt;p&gt;La plage Rancho Luna \u00e0 Cienfuegos Cuba tropicalcubanholiday.com&lt;\/p&gt;\n\" data-medium-file=\"https:\/\/i0.wp.com\/www.tropicalcubanholiday.com\/wp-content\/uploads\/2019\/03\/Rancho-Luna.jpg?fit=300%2C198&amp;ssl=1\" data-large-file=\"https:\/\/i0.wp.com\/www.tropicalcubanholiday.com\/wp-content\/uploads\/2019\/03\/Rancho-Luna.jpg?fit=842%2C556&amp;ssl=1\" decoding=\"async\" width=\"842\" height=\"556\" src=\"https:\/\/i0.wp.com\/www.tropicalcubanholiday.com\/wp-content\/uploads\/2019\/03\/Rancho-Luna.jpg?fit=842%2C556&amp;ssl=1\" class=\"attachment-full size-full wp-image-27252\" alt=\"La plage Rancho Luna \u00e0 Cienfuegos Cuba tropicalcubanholiday.com\" loading=\"lazy\" data-attachment-id=\"27252\" data-permalink=\"https:\/\/www.tropicalcubanholiday.com\/fr\/rancho-luna-3\/\" data-orig-file=\"https:\/\/i0.wp.com\/www.tropicalcubanholiday.com\/wp-content\/uploads\/2019\/03\/Rancho-Luna.jpg?fit=842%2C556&amp;ssl=1\" data-orig-size=\"842,556\" data-comments-opened=\"1\" data-image-meta=\"{&quot;aperture&quot;:&quot;0&quot;,&quot;credit&quot;:&quot;&quot;,&quot;camera&quot;:&quot;&quot;,&quot;caption&quot;:&quot;&quot;,&quot;created_timestamp&quot;:&quot;0&quot;,&quot;copyright&quot;:&quot;&quot;,&quot;focal_length&quot;:&quot;0&quot;,&quot;iso&quot;:&quot;0&quot;,&quot;shutter_speed&quot;:&quot;0&quot;,&quot;title&quot;:&quot;&quot;,&quot;orientation&quot;:&quot;0&quot;}\" data-image-title=\"La plage Rancho Luna \u00e0 Cienfuegos tropicalcubanholiday.com\" data-image-description=\"&lt;p&gt;La plage Rancho Luna \u00e0 Cienfuegos Cuba tropicalcubanholiday.com&lt;\/p&gt;\n\" data-image-caption=\"&lt;p&gt;La plage Rancho Luna \u00e0 Cienfuegos Cuba tropicalcubanholiday.com&lt;\/p&gt;\n\" data-medium-file=\"https:\/\/i0.wp.com\/www.tropicalcubanholiday.com\/wp-content\/uploads\/2019\/03\/Rancho-Luna.jpg?fit=300%2C198&amp;ssl=1\" data-large-file=\"https:\/\/i0.wp.com\/www.tropicalcubanholiday.com\/wp-content\/uploads\/2019\/03\/Rancho-Luna.jpg?fit=842%2C556&amp;ssl=1\" \/>\t\t\t\t\t\t\t\t\t\t<div class=\"premium-banner-ib-desc\">\r\n\t\t\t\t\t\t\t\t\t<h4 class=\"premium-banner-ib-title premium_banner_title\">Rancho Luna<\/h4>\t\t\t\t\t\t<div class=\"premium-banner-ib-content premium_banner_content\">\r\n\t\t\t\t\t\t\t<p>\u00e0 Cienfuegos<\/p>\t\t\t\t\t\t<\/div>\r\n\t\t\t\t\t\t\t\t\t\t\t\t\t\t\t\t\t<\/div>\r\n\t\t\t<a class=\"premium-banner-ib-link\" href=\"https:\/\/www.tropicalcubanholiday.com\/fr\/listings\/rancho-luna\/\" title=\"\" target=\"_blank\"><\/a>\t\t<\/div>\r\n\t\t\t\t\t<style>\r\n\t\t\t\t@media( min-width: 1px ) and (max-width:767px ) {\r\n\t\t\t\t\t#premium-banner-3b4854e0 .premium-banner-ib-content {\r\n\t\t\t\t\t\tdisplay: none;\r\n\t\t\t\t\t}\r\n\t\t\t\t}\r\n\t\t\t<\/style>\r\n\t\t\t\t\t\t<\/div>\n\t\t\t\t<\/div>\n\t\t\t\t<div class=\"elementor-element elementor-element-376a4685 elementor-widget-divider--view-line elementor-widget elementor-widget-divider\" data-id=\"376a4685\" data-element_type=\"widget\" data-widget_type=\"divider.default\">\n\t\t\t\t<div class=\"elementor-widget-container\">\n\t\t\t\t\t<div class=\"elementor-divider\">\n\t\t\t<span class=\"elementor-divider-separator\">\n\t\t\t\t\t\t<\/span>\n\t\t<\/div>\n\t\t\t\t<\/div>\n\t\t\t\t<\/div>\n\t\t\t\t<div class=\"elementor-element elementor-element-1866655c elementor-widget elementor-widget-premium-addon-banner\" data-id=\"1866655c\" data-element_type=\"widget\" data-widget_type=\"premium-addon-banner.default\">\n\t\t\t\t<div class=\"elementor-widget-container\">\n\t\t\t\t\t<div class=\"premium-banner-ib premium-banner-min-height premium-banner-animation1 none\">\r\n\t\t\t\t\t\t\t\t\t\t\t\t\t\t\t<img data-attachment-id=\"27759\" data-permalink=\"https:\/\/www.tropicalcubanholiday.com\/fr\/cayo-jutias-en-pinar-del-rio-tropicalcubanholiday-com-2\/\" data-orig-file=\"https:\/\/i0.wp.com\/www.tropicalcubanholiday.com\/wp-content\/uploads\/2019\/03\/Cayo-Jutias-en-Pinar-del-Rio-tropicalcubanholiday.com_.jpg?fit=1127%2C845&amp;ssl=1\" data-orig-size=\"1127,845\" data-comments-opened=\"1\" data-image-meta=\"{&quot;aperture&quot;:&quot;0&quot;,&quot;credit&quot;:&quot;&quot;,&quot;camera&quot;:&quot;&quot;,&quot;caption&quot;:&quot;&quot;,&quot;created_timestamp&quot;:&quot;0&quot;,&quot;copyright&quot;:&quot;&quot;,&quot;focal_length&quot;:&quot;0&quot;,&quot;iso&quot;:&quot;0&quot;,&quot;shutter_speed&quot;:&quot;0&quot;,&quot;title&quot;:&quot;&quot;,&quot;orientation&quot;:&quot;0&quot;}\" data-image-title=\"Cayo Jut\u00edas \u00e0 Pinar del R\u00edo Cuba tropicalcubanholiday.com\" data-image-description=\"&lt;p&gt;Cayo Jut\u00edas \u00e0 Pinar del R\u00edo Cuba tropicalcubanholiday.com&lt;\/p&gt;\n\" data-image-caption=\"&lt;p&gt;Cayo Jut\u00edas \u00e0 Pinar del R\u00edo Cuba tropicalcubanholiday.com&lt;\/p&gt;\n\" data-medium-file=\"https:\/\/i0.wp.com\/www.tropicalcubanholiday.com\/wp-content\/uploads\/2019\/03\/Cayo-Jutias-en-Pinar-del-Rio-tropicalcubanholiday.com_.jpg?fit=300%2C225&amp;ssl=1\" data-large-file=\"https:\/\/i0.wp.com\/www.tropicalcubanholiday.com\/wp-content\/uploads\/2019\/03\/Cayo-Jutias-en-Pinar-del-Rio-tropicalcubanholiday.com_.jpg?fit=1024%2C768&amp;ssl=1\" decoding=\"async\" width=\"1127\" height=\"845\" src=\"https:\/\/i0.wp.com\/www.tropicalcubanholiday.com\/wp-content\/uploads\/2019\/03\/Cayo-Jutias-en-Pinar-del-Rio-tropicalcubanholiday.com_.jpg?fit=1127%2C845&amp;ssl=1\" class=\"attachment-full size-full wp-image-27759\" alt=\"Cayo Jut\u00edas \u00e0 Pinar del R\u00edo Cuba tropicalcubanholiday.com\" loading=\"lazy\" data-attachment-id=\"27759\" data-permalink=\"https:\/\/www.tropicalcubanholiday.com\/fr\/cayo-jutias-en-pinar-del-rio-tropicalcubanholiday-com-2\/\" data-orig-file=\"https:\/\/i0.wp.com\/www.tropicalcubanholiday.com\/wp-content\/uploads\/2019\/03\/Cayo-Jutias-en-Pinar-del-Rio-tropicalcubanholiday.com_.jpg?fit=1127%2C845&amp;ssl=1\" data-orig-size=\"1127,845\" data-comments-opened=\"1\" data-image-meta=\"{&quot;aperture&quot;:&quot;0&quot;,&quot;credit&quot;:&quot;&quot;,&quot;camera&quot;:&quot;&quot;,&quot;caption&quot;:&quot;&quot;,&quot;created_timestamp&quot;:&quot;0&quot;,&quot;copyright&quot;:&quot;&quot;,&quot;focal_length&quot;:&quot;0&quot;,&quot;iso&quot;:&quot;0&quot;,&quot;shutter_speed&quot;:&quot;0&quot;,&quot;title&quot;:&quot;&quot;,&quot;orientation&quot;:&quot;0&quot;}\" data-image-title=\"Cayo Jut\u00edas \u00e0 Pinar del R\u00edo Cuba tropicalcubanholiday.com\" data-image-description=\"&lt;p&gt;Cayo Jut\u00edas \u00e0 Pinar del R\u00edo Cuba tropicalcubanholiday.com&lt;\/p&gt;\n\" data-image-caption=\"&lt;p&gt;Cayo Jut\u00edas \u00e0 Pinar del R\u00edo Cuba tropicalcubanholiday.com&lt;\/p&gt;\n\" data-medium-file=\"https:\/\/i0.wp.com\/www.tropicalcubanholiday.com\/wp-content\/uploads\/2019\/03\/Cayo-Jutias-en-Pinar-del-Rio-tropicalcubanholiday.com_.jpg?fit=300%2C225&amp;ssl=1\" data-large-file=\"https:\/\/i0.wp.com\/www.tropicalcubanholiday.com\/wp-content\/uploads\/2019\/03\/Cayo-Jutias-en-Pinar-del-Rio-tropicalcubanholiday.com_.jpg?fit=1024%2C768&amp;ssl=1\" \/>\t\t\t\t\t\t\t\t\t\t<div class=\"premium-banner-ib-desc\">\r\n\t\t\t\t\t\t\t\t\t<h4 class=\"premium-banner-ib-title premium_banner_title\">Cayo Jutias<\/h4>\t\t\t\t\t\t<div class=\"premium-banner-ib-content premium_banner_content\">\r\n\t\t\t\t\t\t\t<p>\u00e0 Pinar del Rio<\/p>\t\t\t\t\t\t<\/div>\r\n\t\t\t\t\t\t\t\t\t\t\t\t\t\t\t\t\t<\/div>\r\n\t\t\t<a class=\"premium-banner-ib-link\" href=\"https:\/\/www.tropicalcubanholiday.com\/fr\/listings\/cayo-jutias\/\" title=\"\" target=\"_blank\"><\/a>\t\t<\/div>\r\n\t\t\t\t\t<style>\r\n\t\t\t\t@media( min-width: 1px ) and (max-width:767px ) {\r\n\t\t\t\t\t#premium-banner-1866655c .premium-banner-ib-content {\r\n\t\t\t\t\t\tdisplay: none;\r\n\t\t\t\t\t}\r\n\t\t\t\t}\r\n\t\t\t<\/style>\r\n\t\t\t\t\t\t<\/div>\n\t\t\t\t<\/div>\n\t\t\t\t<div class=\"elementor-element elementor-element-fb5002c elementor-widget-divider--view-line elementor-widget elementor-widget-divider\" data-id=\"fb5002c\" data-element_type=\"widget\" data-widget_type=\"divider.default\">\n\t\t\t\t<div class=\"elementor-widget-container\">\n\t\t\t\t\t<div class=\"elementor-divider\">\n\t\t\t<span class=\"elementor-divider-separator\">\n\t\t\t\t\t\t<\/span>\n\t\t<\/div>\n\t\t\t\t<\/div>\n\t\t\t\t<\/div>\n\t\t\t\t<div class=\"elementor-element elementor-element-0128460 elementor-widget elementor-widget-premium-addon-banner\" data-id=\"0128460\" data-element_type=\"widget\" data-widget_type=\"premium-addon-banner.default\">\n\t\t\t\t<div class=\"elementor-widget-container\">\n\t\t\t\t\t<div class=\"premium-banner-ib premium-banner-min-height premium-banner-animation1 none\">\r\n\t\t\t\t\t\t\t\t\t\t\t\t\t\t\t<img data-attachment-id=\"26388\" data-permalink=\"https:\/\/www.tropicalcubanholiday.com\/fr\/giron-beach-in-matanzas-2\/\" data-orig-file=\"https:\/\/i0.wp.com\/www.tropicalcubanholiday.com\/wp-content\/uploads\/2019\/03\/Giron-Beach-in-Matanzas.jpg?fit=611%2C498&amp;ssl=1\" data-orig-size=\"611,498\" data-comments-opened=\"1\" data-image-meta=\"{&quot;aperture&quot;:&quot;0&quot;,&quot;credit&quot;:&quot;&quot;,&quot;camera&quot;:&quot;&quot;,&quot;caption&quot;:&quot;&quot;,&quot;created_timestamp&quot;:&quot;0&quot;,&quot;copyright&quot;:&quot;&quot;,&quot;focal_length&quot;:&quot;0&quot;,&quot;iso&quot;:&quot;0&quot;,&quot;shutter_speed&quot;:&quot;0&quot;,&quot;title&quot;:&quot;&quot;,&quot;orientation&quot;:&quot;0&quot;}\" data-image-title=\"La plage de Giron \u00e0 la Ci\u00e9naga de Zapata Matanzas Cuba tropicalcubanholiday.com\" data-image-description=\"&lt;p&gt;La plage de Giron \u00e0 la Ci\u00e9naga de Zapata Matanzas Cuba tropicalcubanholiday.com&lt;\/p&gt;\n\" data-image-caption=\"&lt;p&gt;La plage de Giron \u00e0 la Ci\u00e9naga de Zapata Matanzas Cuba tropicalcubanholiday.com&lt;\/p&gt;\n\" data-medium-file=\"https:\/\/i0.wp.com\/www.tropicalcubanholiday.com\/wp-content\/uploads\/2019\/03\/Giron-Beach-in-Matanzas.jpg?fit=300%2C245&amp;ssl=1\" data-large-file=\"https:\/\/i0.wp.com\/www.tropicalcubanholiday.com\/wp-content\/uploads\/2019\/03\/Giron-Beach-in-Matanzas.jpg?fit=611%2C498&amp;ssl=1\" decoding=\"async\" width=\"611\" height=\"498\" src=\"https:\/\/i0.wp.com\/www.tropicalcubanholiday.com\/wp-content\/uploads\/2019\/03\/Giron-Beach-in-Matanzas.jpg?fit=611%2C498&amp;ssl=1\" class=\"attachment-full size-full wp-image-26388\" alt=\"La plage de Giron \u00e0 la Ci\u00e9naga de Zapata Matanzas Cuba tropicalcubanholiday.com\" loading=\"lazy\" data-attachment-id=\"26388\" data-permalink=\"https:\/\/www.tropicalcubanholiday.com\/fr\/giron-beach-in-matanzas-2\/\" data-orig-file=\"https:\/\/i0.wp.com\/www.tropicalcubanholiday.com\/wp-content\/uploads\/2019\/03\/Giron-Beach-in-Matanzas.jpg?fit=611%2C498&amp;ssl=1\" data-orig-size=\"611,498\" data-comments-opened=\"1\" data-image-meta=\"{&quot;aperture&quot;:&quot;0&quot;,&quot;credit&quot;:&quot;&quot;,&quot;camera&quot;:&quot;&quot;,&quot;caption&quot;:&quot;&quot;,&quot;created_timestamp&quot;:&quot;0&quot;,&quot;copyright&quot;:&quot;&quot;,&quot;focal_length&quot;:&quot;0&quot;,&quot;iso&quot;:&quot;0&quot;,&quot;shutter_speed&quot;:&quot;0&quot;,&quot;title&quot;:&quot;&quot;,&quot;orientation&quot;:&quot;0&quot;}\" data-image-title=\"La plage de Giron \u00e0 la Ci\u00e9naga de Zapata Matanzas Cuba tropicalcubanholiday.com\" data-image-description=\"&lt;p&gt;La plage de Giron \u00e0 la Ci\u00e9naga de Zapata Matanzas Cuba tropicalcubanholiday.com&lt;\/p&gt;\n\" data-image-caption=\"&lt;p&gt;La plage de Giron \u00e0 la Ci\u00e9naga de Zapata Matanzas Cuba tropicalcubanholiday.com&lt;\/p&gt;\n\" data-medium-file=\"https:\/\/i0.wp.com\/www.tropicalcubanholiday.com\/wp-content\/uploads\/2019\/03\/Giron-Beach-in-Matanzas.jpg?fit=300%2C245&amp;ssl=1\" data-large-file=\"https:\/\/i0.wp.com\/www.tropicalcubanholiday.com\/wp-content\/uploads\/2019\/03\/Giron-Beach-in-Matanzas.jpg?fit=611%2C498&amp;ssl=1\" \/>\t\t\t\t\t\t\t\t\t\t<div class=\"premium-banner-ib-desc\">\r\n\t\t\t\t\t\t\t\t\t<h4 class=\"premium-banner-ib-title premium_banner_title\">Plage Giron<\/h4>\t\t\t\t\t\t<div class=\"premium-banner-ib-content premium_banner_content\">\r\n\t\t\t\t\t\t\t<p>\u00e0 Matanzas<\/p>\t\t\t\t\t\t<\/div>\r\n\t\t\t\t\t\t\t\t\t\t\t\t\t\t\t\t\t<\/div>\r\n\t\t\t<a class=\"premium-banner-ib-link\" href=\"https:\/\/www.tropicalcubanholiday.com\/fr\/listings\/giron-plage\/\" title=\"\" target=\"_blank\"><\/a>\t\t<\/div>\r\n\t\t\t\t\t<style>\r\n\t\t\t\t@media( min-width: 1px ) and (max-width:767px ) {\r\n\t\t\t\t\t#premium-banner-0128460 .premium-banner-ib-content {\r\n\t\t\t\t\t\tdisplay: none;\r\n\t\t\t\t\t}\r\n\t\t\t\t}\r\n\t\t\t<\/style>\r\n\t\t\t\t\t\t<\/div>\n\t\t\t\t<\/div>\n\t\t\t\t<div class=\"elementor-element elementor-element-2bc5523 elementor-widget-divider--view-line elementor-widget elementor-widget-divider\" data-id=\"2bc5523\" data-element_type=\"widget\" data-widget_type=\"divider.default\">\n\t\t\t\t<div class=\"elementor-widget-container\">\n\t\t\t\t\t<div class=\"elementor-divider\">\n\t\t\t<span class=\"elementor-divider-separator\">\n\t\t\t\t\t\t<\/span>\n\t\t<\/div>\n\t\t\t\t<\/div>\n\t\t\t\t<\/div>\n\t\t\t\t<div class=\"elementor-element elementor-element-bdd4ef7 elementor-widget elementor-widget-premium-addon-banner\" data-id=\"bdd4ef7\" data-element_type=\"widget\" data-widget_type=\"premium-addon-banner.default\">\n\t\t\t\t<div class=\"elementor-widget-container\">\n\t\t\t\t\t<div class=\"premium-banner-ib premium-banner-min-height premium-banner-animation1 none\">\r\n\t\t\t\t\t\t\t\t\t\t\t\t\t\t\t<img data-attachment-id=\"15929\" data-permalink=\"https:\/\/www.tropicalcubanholiday.com\/fr\/?attachment_id=15929\" data-orig-file=\"https:\/\/i0.wp.com\/www.tropicalcubanholiday.com\/wp-content\/uploads\/2017\/08\/Herradura-1-1.jpg?fit=1145%2C859&amp;ssl=1\" data-orig-size=\"1145,859\" data-comments-opened=\"1\" data-image-meta=\"{&quot;aperture&quot;:&quot;0&quot;,&quot;credit&quot;:&quot;&quot;,&quot;camera&quot;:&quot;&quot;,&quot;caption&quot;:&quot;&quot;,&quot;created_timestamp&quot;:&quot;0&quot;,&quot;copyright&quot;:&quot;&quot;,&quot;focal_length&quot;:&quot;0&quot;,&quot;iso&quot;:&quot;0&quot;,&quot;shutter_speed&quot;:&quot;0&quot;,&quot;title&quot;:&quot;&quot;,&quot;orientation&quot;:&quot;0&quot;}\" data-image-title=\"Plage Herradura \u00e0 Las Tunas Cuba tropicalcubanholiday.com\" data-image-description=\"&lt;p&gt;Plage Herradura \u00e0 Las Tunas Cuba tropicalcubanholiday.com&lt;\/p&gt;\n\" data-image-caption=\"&lt;p&gt;Plage Herradura \u00e0 Las Tunas Cuba tropicalcubanholiday.com&lt;\/p&gt;\n\" data-medium-file=\"https:\/\/i0.wp.com\/www.tropicalcubanholiday.com\/wp-content\/uploads\/2017\/08\/Herradura-1-1.jpg?fit=300%2C225&amp;ssl=1\" data-large-file=\"https:\/\/i0.wp.com\/www.tropicalcubanholiday.com\/wp-content\/uploads\/2017\/08\/Herradura-1-1.jpg?fit=1024%2C768&amp;ssl=1\" decoding=\"async\" width=\"1145\" height=\"859\" src=\"https:\/\/i0.wp.com\/www.tropicalcubanholiday.com\/wp-content\/uploads\/2017\/08\/Herradura-1-1.jpg?fit=1145%2C859&amp;ssl=1\" class=\"attachment-full size-full wp-image-15929\" alt=\"Plage Herradura \u00e0 Las Tunas Cuba tropicalcubanholiday.com\" loading=\"lazy\" data-attachment-id=\"15929\" data-permalink=\"https:\/\/www.tropicalcubanholiday.com\/fr\/?attachment_id=15929\" data-orig-file=\"https:\/\/i0.wp.com\/www.tropicalcubanholiday.com\/wp-content\/uploads\/2017\/08\/Herradura-1-1.jpg?fit=1145%2C859&amp;ssl=1\" data-orig-size=\"1145,859\" data-comments-opened=\"1\" data-image-meta=\"{&quot;aperture&quot;:&quot;0&quot;,&quot;credit&quot;:&quot;&quot;,&quot;camera&quot;:&quot;&quot;,&quot;caption&quot;:&quot;&quot;,&quot;created_timestamp&quot;:&quot;0&quot;,&quot;copyright&quot;:&quot;&quot;,&quot;focal_length&quot;:&quot;0&quot;,&quot;iso&quot;:&quot;0&quot;,&quot;shutter_speed&quot;:&quot;0&quot;,&quot;title&quot;:&quot;&quot;,&quot;orientation&quot;:&quot;0&quot;}\" data-image-title=\"Plage Herradura \u00e0 Las Tunas Cuba tropicalcubanholiday.com\" data-image-description=\"&lt;p&gt;Plage Herradura \u00e0 Las Tunas Cuba tropicalcubanholiday.com&lt;\/p&gt;\n\" data-image-caption=\"&lt;p&gt;Plage Herradura \u00e0 Las Tunas Cuba tropicalcubanholiday.com&lt;\/p&gt;\n\" data-medium-file=\"https:\/\/i0.wp.com\/www.tropicalcubanholiday.com\/wp-content\/uploads\/2017\/08\/Herradura-1-1.jpg?fit=300%2C225&amp;ssl=1\" data-large-file=\"https:\/\/i0.wp.com\/www.tropicalcubanholiday.com\/wp-content\/uploads\/2017\/08\/Herradura-1-1.jpg?fit=1024%2C768&amp;ssl=1\" \/>\t\t\t\t\t\t\t\t\t\t<div class=\"premium-banner-ib-desc\">\r\n\t\t\t\t\t\t\t\t\t<h4 class=\"premium-banner-ib-title premium_banner_title\">Plage Herradura<\/h4>\t\t\t\t\t\t<div class=\"premium-banner-ib-content premium_banner_content\">\r\n\t\t\t\t\t\t\t<p>\u00e0 Las Tunas<\/p>\t\t\t\t\t\t<\/div>\r\n\t\t\t\t\t\t\t\t\t\t\t\t\t\t\t\t\t<\/div>\r\n\t\t\t<a class=\"premium-banner-ib-link\" href=\"https:\/\/www.tropicalcubanholiday.com\/fr\/listings\/plage-herradura\/\" title=\"\" target=\"_blank\"><\/a>\t\t<\/div>\r\n\t\t\t\t\t<style>\r\n\t\t\t\t@media( min-width: 1px ) and (max-width:767px ) {\r\n\t\t\t\t\t#premium-banner-bdd4ef7 .premium-banner-ib-content {\r\n\t\t\t\t\t\tdisplay: none;\r\n\t\t\t\t\t}\r\n\t\t\t\t}\r\n\t\t\t<\/style>\r\n\t\t\t\t\t\t<\/div>\n\t\t\t\t<\/div>\n\t\t\t\t<div class=\"elementor-element elementor-element-9b4c7bf elementor-widget-divider--view-line elementor-widget elementor-widget-divider\" data-id=\"9b4c7bf\" data-element_type=\"widget\" data-widget_type=\"divider.default\">\n\t\t\t\t<div class=\"elementor-widget-container\">\n\t\t\t\t\t<div class=\"elementor-divider\">\n\t\t\t<span class=\"elementor-divider-separator\">\n\t\t\t\t\t\t<\/span>\n\t\t<\/div>\n\t\t\t\t<\/div>\n\t\t\t\t<\/div>\n\t\t\t\t<div class=\"elementor-element elementor-element-1170baa elementor-widget elementor-widget-premium-addon-button\" data-id=\"1170baa\" data-element_type=\"widget\" data-widget_type=\"premium-addon-button.default\">\n\t\t\t\t<div class=\"elementor-widget-container\">\n\t\t\t\r\n\r\n\t\t<a class=\"premium-button premium-button-none premium-btn-sm premium-button-none\" href=\"https:\/\/www.tropicalcubanholiday.com\/fr\/listing-category\/plages-en-cuba\/\" target=\"_blank\">\r\n\t\t\t<div class=\"premium-button-text-icon-wrapper\">\r\n\t\t\t\t\t\t\t\t\t\t\t\t\t\t\t\t\t\t\t\t\t\t\t\t\t\t\t\t\t\t<i class=\"premium-drawable-icon premium-svg-nodraw\"><\/i>\r\n\t\t\t\t\t\t\t\t\t\t\t\t\t\t\t\t\t\t\t\t\t\t\t\t\t\t<span >\r\n\t\t\t\t\tvoir plus\t\t\t\t<\/span>\r\n\t\t\t\t\t\t\t\t\t\t\t\t\t\t\t\t<\/div>\r\n\t\t\t\t\t\t\t\t<\/a>\r\n\r\n\r\n\t\t\t\t<\/div>\n\t\t\t\t<\/div>\n\t\t\t\t<div class=\"elementor-element elementor-element-6e403e9 elementor-widget-divider--view-line elementor-widget elementor-widget-divider\" data-id=\"6e403e9\" data-element_type=\"widget\" data-widget_type=\"divider.default\">\n\t\t\t\t<div class=\"elementor-widget-container\">\n\t\t\t\t\t<div class=\"elementor-divider\">\n\t\t\t<span class=\"elementor-divider-separator\">\n\t\t\t\t\t\t<\/span>\n\t\t<\/div>\n\t\t\t\t<\/div>\n\t\t\t\t<\/div>\n\t\t\t\t<div class=\"elementor-element elementor-element-5844ad98 elementor-widget elementor-widget-heading\" data-id=\"5844ad98\" data-element_type=\"widget\" data-widget_type=\"heading.default\">\n\t\t\t\t<div class=\"elementor-widget-container\">\n\t\t\t<h5 class=\"elementor-heading-title elementor-size-medium\">Top Destinations<\/h5>\t\t<\/div>\n\t\t\t\t<\/div>\n\t\t\t\t<div class=\"elementor-element elementor-element-30925a6c elementor-widget elementor-widget-wp-widget-nav_menu\" data-id=\"30925a6c\" data-element_type=\"widget\" data-widget_type=\"wp-widget-nav_menu.default\">\n\t\t\t\t<div class=\"elementor-widget-container\">\n\t\t\t<div class=\"menu-explore-french-container\"><ul id=\"menu-explore-french\" class=\"menu\"><li id=\"menu-item-30253\" class=\"menu-item menu-item-type-taxonomy menu-item-object-job_listing_region menu-item-30253\"><a target=\"_blank\" rel=\"noopener\" href=\"https:\/\/www.tropicalcubanholiday.com\/fr\/listing-region\/pinar-del-rio-cuba-fr\/\">Pinar del Rio<\/a><\/li>\n<li id=\"menu-item-30254\" class=\"menu-item menu-item-type-taxonomy menu-item-object-job_listing_region menu-item-30254\"><a target=\"_blank\" rel=\"noopener\" href=\"https:\/\/www.tropicalcubanholiday.com\/fr\/listing-region\/sancti-spiritus-cuba-fr\/\">Sancti Spiritus<\/a><\/li>\n<li id=\"menu-item-30255\" class=\"menu-item menu-item-type-taxonomy menu-item-object-job_listing_region menu-item-30255\"><a target=\"_blank\" rel=\"noopener\" href=\"https:\/\/www.tropicalcubanholiday.com\/fr\/listing-region\/cienfuegos-cuba-fr\/\">Cienfuegos<\/a><\/li>\n<li id=\"menu-item-30256\" class=\"menu-item menu-item-type-taxonomy menu-item-object-job_listing_region menu-item-30256\"><a target=\"_blank\" rel=\"noopener\" href=\"https:\/\/www.tropicalcubanholiday.com\/fr\/listing-region\/havane-cuba-fr\/\">Havane<\/a><\/li>\n<li id=\"menu-item-30257\" class=\"menu-item menu-item-type-taxonomy menu-item-object-job_listing_region menu-item-30257\"><a target=\"_blank\" rel=\"noopener\" href=\"https:\/\/www.tropicalcubanholiday.com\/fr\/listing-region\/granma-cuba-fr\/\">Granma<\/a><\/li>\n<li id=\"menu-item-30258\" class=\"menu-item menu-item-type-taxonomy menu-item-object-job_listing_region menu-item-30258\"><a target=\"_blank\" rel=\"noopener\" href=\"https:\/\/www.tropicalcubanholiday.com\/fr\/listing-region\/guantanamo-cuba-fr\/\">Guantanamo<\/a><\/li>\n<li id=\"menu-item-30259\" class=\"menu-item menu-item-type-taxonomy menu-item-object-job_listing_region menu-item-30259\"><a target=\"_blank\" rel=\"noopener\" href=\"https:\/\/www.tropicalcubanholiday.com\/fr\/listing-region\/matanzas-cuba-fr\/\">Matanzas<\/a><\/li>\n<li id=\"menu-item-30260\" class=\"menu-item menu-item-type-taxonomy menu-item-object-job_listing_region menu-item-30260\"><a target=\"_blank\" rel=\"noopener\" href=\"https:\/\/www.tropicalcubanholiday.com\/fr\/listing-region\/santiago-de-cuba-fr\/\">Santiago de Cuba<\/a><\/li>\n<\/ul><\/div>\t\t<\/div>\n\t\t\t\t<\/div>\n\t\t\t\t\t\t<\/div>\n\t\t\t\t\t<\/div>\n\t\t<\/div>\n\t\t\t\t\t\t\t\t<\/div>\n\t\t\t\t\t<\/div>\n\t\t<\/section>\n\t\t\t\t\t\t\t\t\t<\/div>\n\t\t\t<\/div>\n\t\t\t\t\t<\/div>\n\t\t<div class=\"sharedaddy sd-sharing-enabled\"><div class=\"robots-nocontent sd-block sd-social sd-social-icon sd-sharing\"><div class=\"sd-content\"><ul><li class=\"share-facebook\"><a rel=\"nofollow noopener noreferrer\" data-shared=\"sharing-facebook-31189\" class=\"share-facebook sd-button share-icon no-text\" href=\"https:\/\/www.tropicalcubanholiday.com\/fr\/camping-car-a-cuba\/?share=facebook\" target=\"_blank\" title=\"Click to share on Facebook\" ><span><\/span><span class=\"sharing-screen-reader-text\">Click to share on Facebook (Opens in new window)<\/span><\/a><\/li><li class=\"share-twitter\"><a rel=\"nofollow noopener noreferrer\" data-shared=\"sharing-twitter-31189\" class=\"share-twitter sd-button share-icon no-text\" href=\"https:\/\/www.tropicalcubanholiday.com\/fr\/camping-car-a-cuba\/?share=twitter\" target=\"_blank\" title=\"Click to share on Twitter\" ><span><\/span><span class=\"sharing-screen-reader-text\">Click to share on Twitter (Opens in new window)<\/span><\/a><\/li><li class=\"share-pinterest\"><a rel=\"nofollow noopener noreferrer\" data-shared=\"sharing-pinterest-31189\" class=\"share-pinterest sd-button share-icon no-text\" href=\"https:\/\/www.tropicalcubanholiday.com\/fr\/camping-car-a-cuba\/?share=pinterest\" target=\"_blank\" title=\"Click to share on Pinterest\" ><span><\/span><span class=\"sharing-screen-reader-text\">Click to share on Pinterest (Opens in new window)<\/span><\/a><\/li><li class=\"share-jetpack-whatsapp\"><a rel=\"nofollow noopener noreferrer\" data-shared=\"\" class=\"share-jetpack-whatsapp sd-button share-icon no-text\" href=\"https:\/\/www.tropicalcubanholiday.com\/fr\/camping-car-a-cuba\/?share=jetpack-whatsapp\" target=\"_blank\" title=\"Click to share on WhatsApp\" ><span><\/span><span class=\"sharing-screen-reader-text\">Click to share on WhatsApp (Opens in new window)<\/span><\/a><\/li><li class=\"share-reddit\"><a rel=\"nofollow noopener noreferrer\" data-shared=\"\" class=\"share-reddit sd-button share-icon no-text\" href=\"https:\/\/www.tropicalcubanholiday.com\/fr\/camping-car-a-cuba\/?share=reddit\" target=\"_blank\" title=\"Click to share on Reddit\" ><span><\/span><span class=\"sharing-screen-reader-text\">Click to share on Reddit (Opens in new window)<\/span><\/a><\/li><li class=\"share-tumblr\"><a rel=\"nofollow noopener noreferrer\" data-shared=\"\" class=\"share-tumblr sd-button share-icon no-text\" href=\"https:\/\/www.tropicalcubanholiday.com\/fr\/camping-car-a-cuba\/?share=tumblr\" target=\"_blank\" title=\"Click to share on Tumblr\" ><span><\/span><span class=\"sharing-screen-reader-text\">Click to share on Tumblr (Opens in new window)<\/span><\/a><\/li><li class=\"share-custom share-custom-mail\"><a rel=\"nofollow noopener noreferrer\" data-shared=\"\" class=\"share-custom share-custom-mail sd-button share-icon no-text\" href=\"https:\/\/www.tropicalcubanholiday.com\/fr\/camping-car-a-cuba\/?share=custom-1559669851\" target=\"_blank\" title=\"Click to share on Mail\" ><span style=\"background-image:url(&quot;https:\/\/www.tropicalcubanholiday.com\/wp-content\/uploads\/2019\/06\/mail-by-tropicalcubanholida.com_.png&quot;);\"><\/span><span class=\"sharing-screen-reader-text\">Click to share on Mail (Opens in new window)<\/span><\/a><\/li><li class=\"share-end\"><\/li><\/ul><\/div><\/div><\/div>","protected":false},"excerpt":{"rendered":"<p>&#8230;le moyen le moins cher et le plus simple de louer un camping-car plut\u00f4t que de r\u00e9server des chambres d&rsquo;h\u00f4tel et une voiture de location&#8230;<\/p>\n<div class=\"sharedaddy sd-sharing-enabled\"><div class=\"robots-nocontent sd-block sd-social sd-social-icon sd-sharing\"><div class=\"sd-content\"><ul><li class=\"share-facebook\"><a rel=\"nofollow noopener noreferrer\" data-shared=\"sharing-facebook-31189\" class=\"share-facebook sd-button share-icon no-text\" href=\"https:\/\/www.tropicalcubanholiday.com\/fr\/camping-car-a-cuba\/?share=facebook\" target=\"_blank\" title=\"Click to share on Facebook\" ><span><\/span><span class=\"sharing-screen-reader-text\">Click to share on Facebook (Opens in new window)<\/span><\/a><\/li><li class=\"share-twitter\"><a rel=\"nofollow noopener noreferrer\" data-shared=\"sharing-twitter-31189\" class=\"share-twitter sd-button share-icon no-text\" href=\"https:\/\/www.tropicalcubanholiday.com\/fr\/camping-car-a-cuba\/?share=twitter\" target=\"_blank\" title=\"Click to share on Twitter\" ><span><\/span><span class=\"sharing-screen-reader-text\">Click to share on Twitter (Opens in new window)<\/span><\/a><\/li><li class=\"share-pinterest\"><a rel=\"nofollow noopener noreferrer\" data-shared=\"sharing-pinterest-31189\" class=\"share-pinterest sd-button share-icon no-text\" href=\"https:\/\/www.tropicalcubanholiday.com\/fr\/camping-car-a-cuba\/?share=pinterest\" target=\"_blank\" title=\"Click to share on Pinterest\" ><span><\/span><span class=\"sharing-screen-reader-text\">Click to share on Pinterest (Opens in new window)<\/span><\/a><\/li><li class=\"share-jetpack-whatsapp\"><a rel=\"nofollow noopener noreferrer\" data-shared=\"\" class=\"share-jetpack-whatsapp sd-button share-icon no-text\" href=\"https:\/\/www.tropicalcubanholiday.com\/fr\/camping-car-a-cuba\/?share=jetpack-whatsapp\" target=\"_blank\" title=\"Click to share on WhatsApp\" ><span><\/span><span class=\"sharing-screen-reader-text\">Click to share on WhatsApp (Opens in new window)<\/span><\/a><\/li><li class=\"share-reddit\"><a rel=\"nofollow noopener noreferrer\" data-shared=\"\" class=\"share-reddit sd-button share-icon no-text\" href=\"https:\/\/www.tropicalcubanholiday.com\/fr\/camping-car-a-cuba\/?share=reddit\" target=\"_blank\" title=\"Click to share on Reddit\" ><span><\/span><span class=\"sharing-screen-reader-text\">Click to share on Reddit (Opens in new window)<\/span><\/a><\/li><li class=\"share-tumblr\"><a rel=\"nofollow noopener noreferrer\" data-shared=\"\" class=\"share-tumblr sd-button share-icon no-text\" href=\"https:\/\/www.tropicalcubanholiday.com\/fr\/camping-car-a-cuba\/?share=tumblr\" target=\"_blank\" title=\"Click to share on Tumblr\" ><span><\/span><span class=\"sharing-screen-reader-text\">Click to share on Tumblr (Opens in new window)<\/span><\/a><\/li><li class=\"share-custom share-custom-mail\"><a rel=\"nofollow noopener noreferrer\" data-shared=\"\" class=\"share-custom share-custom-mail sd-button share-icon no-text\" href=\"https:\/\/www.tropicalcubanholiday.com\/fr\/camping-car-a-cuba\/?share=custom-1559669851\" target=\"_blank\" title=\"Click to share on Mail\" ><span style=\"background-image:url(&quot;https:\/\/www.tropicalcubanholiday.com\/wp-content\/uploads\/2019\/06\/mail-by-tropicalcubanholida.com_.png&quot;);\"><\/span><span class=\"sharing-screen-reader-text\">Click to share on Mail (Opens in new window)<\/span><\/a><\/li><li class=\"share-end\"><\/li><\/ul><\/div><\/div><\/div>","protected":false},"author":1,"featured_media":33212,"comment_status":"closed","ping_status":"open","sticky":false,"template":"","format":"standard","meta":{"inline_featured_image":false,"jetpack_post_was_ever_published":false,"jetpack_publicize_message":"","jetpack_is_tweetstorm":false,"jetpack_publicize_feature_enabled":true,"jetpack_social_options":[]},"categories":[227,60],"tags":[],"jetpack_publicize_connections":[],"jetpack_featured_media_url":"https:\/\/i0.wp.com\/www.tropicalcubanholiday.com\/wp-content\/uploads\/2019\/10\/Campervan-Rentals-available-in-Cuba.jpg?fit=1277%2C837&ssl=1","jetpack_sharing_enabled":true,"jetpack_shortlink":"https:\/\/wp.me\/p92jRp-873","jetpack-related-posts":[{"id":35607,"url":"https:\/\/www.tropicalcubanholiday.com\/fr\/covid-19-cuba-reouverture\/","url_meta":{"origin":31189,"position":0},"title":"COVID-19 Cuba R\u00e9ouverture","date":"septembre 8, 2020","format":false,"excerpt":"...informations sur la situation actuelle du COVID-19 \u00e0 Cuba et conseils aux voyageurs...","rel":"","context":"In &quot;Community&quot;","img":{"alt_text":"","src":"https:\/\/i0.wp.com\/www.tropicalcubanholiday.com\/wp-content\/uploads\/2019\/02\/Great-antillas-Cuba.jpg?fit=1200%2C800&ssl=1&resize=350%2C200","width":350,"height":200},"classes":[]},{"id":36344,"url":"https:\/\/www.tropicalcubanholiday.com\/fr\/location-de-voitures-suv-a-cuba\/","url_meta":{"origin":31189,"position":1},"title":"Location de voitures SUV \u00e0 Cuba","date":"janvier 6, 2022","format":false,"excerpt":"... l'ultime voyage en voiture ...","rel":"","context":"In &quot;Non classifi\u00e9(e)&quot;","img":{"alt_text":"Affadorable Car Rental SUV ","src":"https:\/\/i0.wp.com\/www.tropicalcubanholiday.com\/wp-content\/uploads\/2020\/01\/RENT-A-CAR-USV-Cuban-vintage-Vacationuaz-patriot-car-pickup-truck-murmansk-5b2211ad5ab344.5880021215289594053715.jpg?fit=800%2C490&ssl=1&resize=350%2C200","width":350,"height":200},"classes":[]},{"id":35214,"url":"https:\/\/www.tropicalcubanholiday.com\/fr\/cuba-carte-de-tourisme-et-visa\/","url_meta":{"origin":31189,"position":2},"title":"Cuba Carte de Tourisme et Visa","date":"janvier 8, 2020","format":false,"excerpt":"appliquez en ligne la carte touristique cubaine et le visa avec livraison dans le monde entier. Obtenez votre carte touristique verte ou rose commune dans les prochains jours","rel":"","context":"In &quot;Non classifi\u00e9(e)&quot;","img":{"alt_text":"","src":"https:\/\/i0.wp.com\/www.tropicalcubanholiday.com\/wp-content\/uploads\/2020\/02\/TOURIST-CARD-ONLINE-REQUEST-BY-TROPICALCUBANHOLIDAY.COM_.jpg?fit=1200%2C960&ssl=1&resize=350%2C200","width":350,"height":200},"classes":[]},{"id":33226,"url":"https:\/\/www.tropicalcubanholiday.com\/fr\/location-de-scooters-a-cuba\/","url_meta":{"origin":31189,"position":3},"title":"Location de Scooters \u00e0 Cuba","date":"juin 28, 2019","format":false,"excerpt":"Location quotidienne de scooters & La libert\u00e9 d'explorer l'\u00eele des tropiques","rel":"","context":"In &quot;Travelling&quot;","img":{"alt_text":"Location de moto \u00e0 Cuba","src":"https:\/\/i0.wp.com\/www.tropicalcubanholiday.com\/wp-content\/uploads\/2019\/10\/Motorcylce-Rentals-in-Havana-Cuba.jpg?fit=680%2C655&ssl=1&resize=350%2C200","width":350,"height":200},"classes":[]},{"id":32068,"url":"https:\/\/www.tropicalcubanholiday.com\/fr\/plongee-a-cuba\/","url_meta":{"origin":31189,"position":4},"title":"Plong\u00e9e \u00e0 Cuba","date":"juillet 19, 2019","format":false,"excerpt":"...le monde sous-marin spectaculaire de Cuba...","rel":"","context":"In &quot;Non classifi\u00e9(e)&quot;","img":{"alt_text":"","src":"https:\/\/i0.wp.com\/www.tropicalcubanholiday.com\/wp-content\/uploads\/2019\/08\/diving-in-Cuba.jpg?fit=1075%2C806&ssl=1&resize=350%2C200","width":350,"height":200},"classes":[]},{"id":30503,"url":"https:\/\/www.tropicalcubanholiday.com\/fr\/attraction-principale-de-la-havane\/","url_meta":{"origin":31189,"position":5},"title":"Attraction Principale de La Havane","date":"mai 17, 2019","format":false,"excerpt":"...la capitale cubaine, consid\u00e9r\u00e9e jadis comme le joyau des Cara\u00efbes...","rel":"","context":"In &quot;Travelling&quot;","img":{"alt_text":"","src":"https:\/\/i0.wp.com\/www.tropicalcubanholiday.com\/wp-content\/uploads\/2018\/08\/Malecon-Havana-Tropical-Cuban-Holiday.jpg?fit=1141%2C856&ssl=1&resize=350%2C200","width":350,"height":200},"classes":[]}],"jetpack_likes_enabled":true,"_links":{"self":[{"href":"https:\/\/www.tropicalcubanholiday.com\/fr\/wp-json\/wp\/v2\/posts\/31189"}],"collection":[{"href":"https:\/\/www.tropicalcubanholiday.com\/fr\/wp-json\/wp\/v2\/posts"}],"about":[{"href":"https:\/\/www.tropicalcubanholiday.com\/fr\/wp-json\/wp\/v2\/types\/post"}],"author":[{"embeddable":true,"href":"https:\/\/www.tropicalcubanholiday.com\/fr\/wp-json\/wp\/v2\/users\/1"}],"replies":[{"embeddable":true,"href":"https:\/\/www.tropicalcubanholiday.com\/fr\/wp-json\/wp\/v2\/comments?post=31189"}],"version-history":[{"count":72,"href":"https:\/\/www.tropicalcubanholiday.com\/fr\/wp-json\/wp\/v2\/posts\/31189\/revisions"}],"predecessor-version":[{"id":36370,"href":"https:\/\/www.tropicalcubanholiday.com\/fr\/wp-json\/wp\/v2\/posts\/31189\/revisions\/36370"}],"wp:featuredmedia":[{"embeddable":true,"href":"https:\/\/www.tropicalcubanholiday.com\/fr\/wp-json\/wp\/v2\/media\/33212"}],"wp:attachment":[{"href":"https:\/\/www.tropicalcubanholiday.com\/fr\/wp-json\/wp\/v2\/media?parent=31189"}],"wp:term":[{"taxonomy":"category","embeddable":true,"href":"https:\/\/www.tropicalcubanholiday.com\/fr\/wp-json\/wp\/v2\/categories?post=31189"},{"taxonomy":"post_tag","embeddable":true,"href":"https:\/\/www.tropicalcubanholiday.com\/fr\/wp-json\/wp\/v2\/tags?post=31189"}],"curies":[{"name":"wp","href":"https:\/\/api.w.org\/{rel}","templated":true}]}}